{"id":32045,"date":"2021-09-15T08:09:43","date_gmt":"2021-09-15T13:09:43","guid":{"rendered":"http:\/\/www.zonaroja.com.mx\/?p=32045"},"modified":"2021-09-15T08:09:49","modified_gmt":"2021-09-15T13:09:49","slug":"opinion-partido-antiderechos","status":"publish","type":"post","link":"https:\/\/zonaroja.com.mx\/?p=32045","title":{"rendered":"Opini\u00f3n. Partido antiderechos"},"content":{"rendered":"\n<p>Gibr\u00e1n Ram\u00edrez Reyes*<\/p>\n\n\n\n<p>Si hubiera que destacar una caracter\u00edstica positiva del esp\u00edritu de los tiempos yo elegir\u00eda el consenso liberal alrededor de la ampliaci\u00f3n de los derechos. Los ejemplos sobran, pero quiero destacar solamente dos.<\/p>\n\n\n\n<p>Hay, en este sexenio, diferentes opiniones sobre c\u00f3mo se ha puesto en marcha la pol\u00edtica social, hay quienes la consideran ejemplar y otros a quienes les parece clientelar, pero no ha cabido casi ning\u00fan reproche contra la reforma al art\u00edculo cuarto constitucional.<\/p>\n\n\n\n<p>Sintom\u00e1ticamente, el Partido Acci\u00f3n Nacional vot\u00f3 esa reforma en contra, aun cuando sus ide\u00f3logos antiguos \u2013como G\u00f3mez Mor\u00edn, en su reflexi\u00f3n sobre la seguridad social\u2013 y participantes recientes de sus gobiernos \u2013como Julio Frenk, en su libro Proteger a M\u00e9xico\u2013 hubieran postulado la conveniencia de pol\u00edticas y reformas del mismo corte.<\/p>\n\n\n\n<p>Del mismo modo, han cabido los reproches sobre las limitaciones de la reforma judicial, as\u00ed como cr\u00edticas al desempe\u00f1o de Arturo Zald\u00edvar desde diversos flancos partidistas (las m\u00e1s inteligentes elaboradas por Germ\u00e1n Mart\u00ednez), pero no las ha habido de peso respecto al sentido de las decisiones de una Suprema Corte cada vez m\u00e1s garantista, que ha dado, en la semana que termin\u00f3, hist\u00f3ricos pasos para la despenalizaci\u00f3n del aborto y contra la perversi\u00f3n del derecho a la vida en las constituciones locales.<\/p>\n\n\n\n<p>A diferencia del pasado, los vociferantes grupos antiderechos hicieron una protesta s\u00f3lo testimonial. El PAN, que otorg\u00f3 la concesi\u00f3n al Yunque de incluir en 2002 (muy lejos ya de sus fundadores) la \u00abdefensa de la vida desde la concepci\u00f3n\u00bb en sus principios de doctrina, protest\u00f3 frontal pero t\u00edmidamente, seguramente por la dura reprimenda colectiva que los sanos reflejos liberales de todo el espectro pol\u00edtico mexicano le propinaron hace apenas una semana.<\/p>\n\n\n\n<p>M\u00e1s que regocijo, la crisis del sistema de partidos debe ser motivo de preocupaci\u00f3n, pues los partidos estructuran la conversaci\u00f3n p\u00fablica y moldean al pueblo que aspiran a representar.<\/p>\n\n\n\n<p>Por eso es lastimosa la crisis del PAN, que hace tiempo no ocupa con ideas y dignidad el espacio de la derecha, impidiendo tambi\u00e9n el surgimiento de otras opciones en su lugar \u2013aunque debe decirse que los intentos han sido m\u00e1s pat\u00e9ticos que el PAN mismo a la deriva, y para muestra est\u00e1 M\u00e9xico Libre.<\/p>\n\n\n\n<p>La crisis va m\u00e1s all\u00e1 de la orfandad ideol\u00f3gica y de doctrina que ha volcado a Acci\u00f3n Nacional contra los derechos humanos, y se expresa mejor en la falta de cuadros dirigentes despu\u00e9s de la ca\u00edda en desgracia de Felipe Calder\u00f3n y Ricardo Anaya y de la muerte de Rafael Moreno Valle.<\/p>\n\n\n\n<p>No hay ni siquiera qui\u00e9n se haga cargo de las tonter\u00edas y los yerros, de tal modo que el pato de la invitaci\u00f3n a la ultraderecha espa\u00f1ola al senado tuvo que pagarlo y tragarlo un asesor de redes sociales, porque no fue culpa de nadie. (\u00bfQuedar\u00e1 alguien, adem\u00e1s de Romero Hicks, con la estatura pol\u00edtica de dirigente en ese antro?).<\/p>\n\n\n\n<p>Por si fuera poco, la intenci\u00f3n de voto por el PAN registra n\u00fameros dignos de su fuerza en los a\u00f1os ochenta, cuando todav\u00eda con m\u00edstica se recuperaba de la crisis que en 1976 les impidi\u00f3 presentar candidato a la presidencia de la Rep\u00fablica, con la diferencia de que ahora el camino es cuesta abajo, sin m\u00edstica, sin causas, sin dirigentes.<\/p>\n\n\n\n<p>*Doctor en ciencia pol\u00edtica por la UNAM.<\/p>\n","protected":false},"excerpt":{"rendered":"<p>Gibr\u00e1n Ram\u00edrez Reyes* Si hubiera que destacar una caracter\u00edstica positiva del esp\u00edritu de los tiempos&hellip;<\/p>\n","protected":false},"author":2,"featured_media":24099,"comment_status":"closed","ping_status":"open","sticky":false,"template":"","format":"standard","meta":{"_lmt_disableupdate":"","_lmt_disable":"","_jetpack_memberships_contains_paid_content":false,"footnotes":""},"categories":[456,109],"tags":[2489],"class_list":["post-32045","post","type-post","status-publish","format-standard","has-post-thumbnail","hentry","category-columna","category-minuto-a-minuto","tag-gibran-ramirez-reyes"],"jetpack_featured_media_url":"https:\/\/zonaroja.com.mx\/wp-content\/uploads\/2021\/02\/Gibran-Ramirez-Reyes.jpg","jetpack_sharing_enabled":true,"_links":{"self":[{"href":"https:\/\/zonaroja.com.mx\/index.php?rest_route=\/wp\/v2\/posts\/32045","targetHints":{"allow":["GET"]}}],"collection":[{"href":"https:\/\/zonaroja.com.mx\/index.php?rest_route=\/wp\/v2\/posts"}],"about":[{"href":"https:\/\/zonaroja.com.mx\/index.php?rest_route=\/wp\/v2\/types\/post"}],"author":[{"embeddable":true,"href":"https:\/\/zonaroja.com.mx\/index.php?rest_route=\/wp\/v2\/users\/2"}],"replies":[{"embeddable":true,"href":"https:\/\/zonaroja.com.mx\/index.php?rest_route=%2Fwp%2Fv2%2Fcomments&post=32045"}],"version-history":[{"count":1,"href":"https:\/\/zonaroja.com.mx\/index.php?rest_route=\/wp\/v2\/posts\/32045\/revisions"}],"predecessor-version":[{"id":32046,"href":"https:\/\/zonaroja.com.mx\/index.php?rest_route=\/wp\/v2\/posts\/32045\/revisions\/32046"}],"wp:featuredmedia":[{"embeddable":true,"href":"https:\/\/zonaroja.com.mx\/index.php?rest_route=\/wp\/v2\/media\/24099"}],"wp:attachment":[{"href":"https:\/\/zonaroja.com.mx\/index.php?rest_route=%2Fwp%2Fv2%2Fmedia&parent=32045"}],"wp:term":[{"taxonomy":"category","embeddable":true,"href":"https:\/\/zonaroja.com.mx\/index.php?rest_route=%2Fwp%2Fv2%2Fcategories&post=32045"},{"taxonomy":"post_tag","embeddable":true,"href":"https:\/\/zonaroja.com.mx\/index.php?rest_route=%2Fwp%2Fv2%2Ftags&post=32045"}],"curies":[{"name":"wp","href":"https:\/\/api.w.org\/{rel}","templated":true}]}}