{"id":32047,"date":"2021-09-15T08:11:19","date_gmt":"2021-09-15T13:11:19","guid":{"rendered":"http:\/\/www.zonaroja.com.mx\/?p=32047"},"modified":"2021-09-15T08:11:24","modified_gmt":"2021-09-15T13:11:24","slug":"fiestas-patrias-fortalecen-identidad-nacional-hoy-el-grito-desde-casa","status":"publish","type":"post","link":"https:\/\/zonaroja.com.mx\/?p=32047","title":{"rendered":"Fiestas patrias fortalecen identidad nacional; hoy, el Grito desde casa"},"content":{"rendered":"\n<p>Redacci\u00f3n\/Zona Roja.<\/p>\n\n\n\n<p>Oaxaca de Ju\u00e1rez, Oax., 15 de septiembre de 2021.- El 15 y 16 de septiembre se conmemoran dos de los acontecimientos hist\u00f3ricos m\u00e1s importantes del mes patrio, que el Instituto Estatal de Educaci\u00f3n P\u00fablica de Oaxaca (IEEPO), invita a recordar con orgullo y a compartir con alumnas y alumnos de nivel b\u00e1sico, ya que adem\u00e1s de fortalecer la identidad nacional promueven valores como el respeto, la unidad y solidaridad.<\/p>\n\n\n\n<p>Al respecto, el director general del IEEPO, Francisco \u00c1ngel Villarreal, se\u00f1al\u00f3 que la ense\u00f1anza de la historia resulta primordial para que desde temprana edad los escolares se interesen por el pasado de M\u00e9xico, valoren nuestras ra\u00edces y desarrollen su amor por la patria.<\/p>\n\n\n\n<p>En este sentido, invit\u00f3 a que en la escuela, bajo las modalidades en que se est\u00e9n realizando las actividades y en los hogares, las familias recuerden y festejen estas fechas junto con las ni\u00f1as, ni\u00f1os, adolescentes y j\u00f3venes, siempre con apego a los protocolos sanitarios y sin poner en riesgo la salud.<\/p>\n\n\n\n<p>El 15 de septiembre recordamos el Grito de Independencia y el 16 de septiembre se conmemora oficialmente el Aniversario del inicio de la lucha de Independencia. Como lo establece el calendario escolar oficial 2021-2022 de la Secretar\u00eda de Educaci\u00f3n P\u00fablica (SEP), el jueves 16 de septiembre se considera d\u00eda de asueto, por lo cual las actividades escolares a distancia y semipresenciales se reanudar\u00e1n el viernes 17.<\/p>\n","protected":false},"excerpt":{"rendered":"<p>Redacci\u00f3n\/Zona Roja. Oaxaca de Ju\u00e1rez, Oax., 15 de septiembre de 2021.- El 15 y 16&hellip;<\/p>\n","protected":false},"author":2,"featured_media":32048,"comment_status":"closed","ping_status":"open","sticky":false,"template":"","format":"standard","meta":{"_lmt_disableupdate":"","_lmt_disable":"","_jetpack_memberships_contains_paid_content":false,"footnotes":""},"categories":[109,46],"tags":[2837],"class_list":["post-32047","post","type-post","status-publish","format-standard","has-post-thumbnail","hentry","category-minuto-a-minuto","category-zona-blanca","tag-instituto-estatal-de-educacion-publica-de-oaxaca-ieepo"],"jetpack_featured_media_url":"https:\/\/zonaroja.com.mx\/wp-content\/uploads\/2021\/09\/Fiestas-patrias.jpg","jetpack_sharing_enabled":true,"_links":{"self":[{"href":"https:\/\/zonaroja.com.mx\/index.php?rest_route=\/wp\/v2\/posts\/32047","targetHints":{"allow":["GET"]}}],"collection":[{"href":"https:\/\/zonaroja.com.mx\/index.php?rest_route=\/wp\/v2\/posts"}],"about":[{"href":"https:\/\/zonaroja.com.mx\/index.php?rest_route=\/wp\/v2\/types\/post"}],"author":[{"embeddable":true,"href":"https:\/\/zonaroja.com.mx\/index.php?rest_route=\/wp\/v2\/users\/2"}],"replies":[{"embeddable":true,"href":"https:\/\/zonaroja.com.mx\/index.php?rest_route=%2Fwp%2Fv2%2Fcomments&post=32047"}],"version-history":[{"count":1,"href":"https:\/\/zonaroja.com.mx\/index.php?rest_route=\/wp\/v2\/posts\/32047\/revisions"}],"predecessor-version":[{"id":32049,"href":"https:\/\/zonaroja.com.mx\/index.php?rest_route=\/wp\/v2\/posts\/32047\/revisions\/32049"}],"wp:featuredmedia":[{"embeddable":true,"href":"https:\/\/zonaroja.com.mx\/index.php?rest_route=\/wp\/v2\/media\/32048"}],"wp:attachment":[{"href":"https:\/\/zonaroja.com.mx\/index.php?rest_route=%2Fwp%2Fv2%2Fmedia&parent=32047"}],"wp:term":[{"taxonomy":"category","embeddable":true,"href":"https:\/\/zonaroja.com.mx\/index.php?rest_route=%2Fwp%2Fv2%2Fcategories&post=32047"},{"taxonomy":"post_tag","embeddable":true,"href":"https:\/\/zonaroja.com.mx\/index.php?rest_route=%2Fwp%2Fv2%2Ftags&post=32047"}],"curies":[{"name":"wp","href":"https:\/\/api.w.org\/{rel}","templated":true}]}}