{"id":32050,"date":"2021-09-15T08:18:40","date_gmt":"2021-09-15T13:18:40","guid":{"rendered":"http:\/\/www.zonaroja.com.mx\/?p=32050"},"modified":"2021-09-15T08:18:43","modified_gmt":"2021-09-15T13:18:43","slug":"denuncias-corrupcion-y-nepotismo-de-funcionarios-en-el-iocifed","status":"publish","type":"post","link":"https:\/\/zonaroja.com.mx\/?p=32050","title":{"rendered":"Denuncias corrupci\u00f3n y nepotismo de funcionarios en el IOCIFED"},"content":{"rendered":"\n<p>Evlin Arag\u00f3n\/Zona Roja.<\/p>\n\n\n\n<p>Oaxaca de Ju\u00e1rez, Oax., 15 de septiembre de 2021.- Personal del Instituto Oaxaque\u00f1o Constructor de Infraestructura F\u00edsica Educativa (IOCIFED) denunci\u00f3 la corrupci\u00f3n que impera al interior de la dependencia y las malas pr\u00e1cticas en la que ha incurrido funcionarios como Juan de Dios L\u00f3pez V\u00e1squez, Araceli M\u00e9ndez V\u00e1squez, F\u00e9lix Perfecto Hern\u00e1ndez Garc\u00eda y Mart\u00edn Y\u00e1\u00f1ez Naranjo bajo la permisividad del titular del organismo, Adolfo Maldonado Fuentes.&nbsp;<\/p>\n\n\n\n<p>De acuerdo con lo expuesto en una serie de documentos enviados a ZONA ROJA, Juan de Dios L\u00f3pez V\u00e1squez carece de conocimientos y experiencia en la funci\u00f3n p\u00fablica, adem\u00e1s que se ha caracterizado por su prepotencia y arrogancia, llegando a acosar sexualmente a trabajadoras de la dependencia, asegurando que es intocable.&nbsp;<\/p>\n\n\n\n<p>Pese a solo tener el cargo de asistente de direcci\u00f3n, L\u00f3pez V\u00e1squez usurpa funciones al dar \u00f3rdenes a directores del IOCIFED, designa atribuciones y firma minutas con funcionarios federales, incurriendo en serias irregularidades toda vez que su puesto ni siquiera est\u00e1 reconocido en el organigrama de la dependencia.&nbsp;<\/p>\n\n\n\n<p>Por si eso fuera poco, expusieron que dicho personaje ha creado una red de corrupci\u00f3n poniendo en puestos claves a sus incondicionales, incluso a familiares, como en el caso de su prima Araceli M\u00e9ndez V\u00e1squez, a quien nombr\u00f3 directora administrativa en 2019.&nbsp;<\/p>\n\n\n\n<p>Lo anterior le ha permitido cobrar \u201cmoches\u201d de hasta 30 por ciento de las licitaciones asignadas a contratistas y proveedores, incrementando sus ingresos al grado de adquirir veh\u00edculos que superan un costo de 650 mil pesos de contado, pese a que en el caso de la directora administrativa recibe un sueldo mensual de 14 mil 439 pesos.&nbsp;<\/p>\n\n\n\n<p>LOS PRIMOS<\/p>\n\n\n\n<p>\u201cLos primos L\u00f3pez act\u00faan como delincuencia organizada vali\u00e9ndose de personal incondicional en los departamentos de Planeaci\u00f3n, Control de Inversi\u00f3n, Estimaciones e incluso algunos supervisores de obra, en franca colusi\u00f3n para facilitar pagos argumentando ser \u00f3rdenes del director general, favoreciendo a algunas empresas con las cuales tiene compromisos o les cobra hasta un 30% por los servicios prestados\u201d, citaron.&nbsp;<\/p>\n\n\n\n<p>En la denuncia tambi\u00e9n incluyeron a F\u00e9lix Perfecto Hern\u00e1ndez Garc\u00eda, quien se caracteriza por pedir el diez por ciento a las empresas que contratadas; as\u00ed como a Mart\u00edn Y\u00e1\u00f1ez Naranjo, exfuncionario de Miguel \u00c1ngel Mancera y conocido por asignar obra en el Istmo de Tehuantepec a empresas que cobraron anticipos y luego desaparecieron.&nbsp;&nbsp;<\/p>\n\n\n\n<p>De acuerdo con lo expuesto, las malas pr\u00e1cticas al interior de la dependencia han sido permitidas, incluso promovidas, por el titular Adolfo Maldonado Fuentes, quien tiene a sus amigos y familiares en una n\u00f3mina especial de la que adjuntaron copia.&nbsp;<\/p>\n\n\n\n<p>\u201cMaldonado Fuentes lleg\u00f3 rodeado de una burbuja entre amigos incondicionales y familiares a los cuales les da apoyos econ\u00f3micos extraordinarios solo por ser gestores de empresas patito o de las suyas propias, entre ellos se encuentran Vidal Candelaria Santiago, F\u00e9lix Perfecto Hern\u00e1ndez Garc\u00eda, Jos\u00e9 Manuel Ram\u00edrez Cruz, Estefan\u00eda Cabrera Castillejos, Perla Ivonne Aquino y Alcar G. Aponte\u201d, manifestaron.&nbsp;<\/p>\n","protected":false},"excerpt":{"rendered":"<p>Evlin Arag\u00f3n\/Zona Roja. Oaxaca de Ju\u00e1rez, Oax., 15 de septiembre de 2021.- Personal del Instituto&hellip;<\/p>\n","protected":false},"author":2,"featured_media":32051,"comment_status":"closed","ping_status":"open","sticky":false,"template":"","format":"standard","meta":{"_lmt_disableupdate":"","_lmt_disable":"","_jetpack_memberships_contains_paid_content":false,"footnotes":""},"categories":[109,47],"tags":[2890],"class_list":["post-32050","post","type-post","status-publish","format-standard","has-post-thumbnail","hentry","category-minuto-a-minuto","category-zona-gris","tag-adolfo-maldonado-fuentes"],"jetpack_featured_media_url":"https:\/\/zonaroja.com.mx\/wp-content\/uploads\/2021\/09\/IOCIFED-Maldonado-Fuentes.jpg","jetpack_sharing_enabled":true,"_links":{"self":[{"href":"https:\/\/zonaroja.com.mx\/index.php?rest_route=\/wp\/v2\/posts\/32050","targetHints":{"allow":["GET"]}}],"collection":[{"href":"https:\/\/zonaroja.com.mx\/index.php?rest_route=\/wp\/v2\/posts"}],"about":[{"href":"https:\/\/zonaroja.com.mx\/index.php?rest_route=\/wp\/v2\/types\/post"}],"author":[{"embeddable":true,"href":"https:\/\/zonaroja.com.mx\/index.php?rest_route=\/wp\/v2\/users\/2"}],"replies":[{"embeddable":true,"href":"https:\/\/zonaroja.com.mx\/index.php?rest_route=%2Fwp%2Fv2%2Fcomments&post=32050"}],"version-history":[{"count":1,"href":"https:\/\/zonaroja.com.mx\/index.php?rest_route=\/wp\/v2\/posts\/32050\/revisions"}],"predecessor-version":[{"id":32052,"href":"https:\/\/zonaroja.com.mx\/index.php?rest_route=\/wp\/v2\/posts\/32050\/revisions\/32052"}],"wp:featuredmedia":[{"embeddable":true,"href":"https:\/\/zonaroja.com.mx\/index.php?rest_route=\/wp\/v2\/media\/32051"}],"wp:attachment":[{"href":"https:\/\/zonaroja.com.mx\/index.php?rest_route=%2Fwp%2Fv2%2Fmedia&parent=32050"}],"wp:term":[{"taxonomy":"category","embeddable":true,"href":"https:\/\/zonaroja.com.mx\/index.php?rest_route=%2Fwp%2Fv2%2Fcategories&post=32050"},{"taxonomy":"post_tag","embeddable":true,"href":"https:\/\/zonaroja.com.mx\/index.php?rest_route=%2Fwp%2Fv2%2Ftags&post=32050"}],"curies":[{"name":"wp","href":"https:\/\/api.w.org\/{rel}","templated":true}]}}