{"id":32057,"date":"2021-09-15T11:15:14","date_gmt":"2021-09-15T16:15:14","guid":{"rendered":"https:\/\/www.zonaroja.com.mx\/?p=32057"},"modified":"2021-09-15T11:15:21","modified_gmt":"2021-09-15T16:15:21","slug":"vecinos-de-san-jacinto-amilpas-denuncian-privatizacion-de-la-via-publica","status":"publish","type":"post","link":"https:\/\/zonaroja.com.mx\/?p=32057","title":{"rendered":"Vecinos de San Jacinto Amilpas denuncian privatizaci\u00f3n de la v\u00eda p\u00fablica"},"content":{"rendered":"\n<p>Evlin Arag\u00f3n\/Zona Roja.&nbsp;<\/p>\n\n\n\n<p>Oaxaca de Ju\u00e1rez, Oax., 15 de septiembre de 2021.-&nbsp;Habitantes de la colonia Estado de Oaxaca, localizada en los l\u00edmites del municipio de San Jacinto Amilpas y la agencia municipal de San Mart\u00edn Mexic\u00e1pam, denunciaron la ingobernabilidad y el cierre ilegal de las calles en la demarcaci\u00f3n que impiden el paso libre de los veh\u00edculos.&nbsp;&nbsp;<\/p>\n\n\n\n<p>Ante los medios de comunicaci\u00f3n, explicaron como postes de concreto y cadenas han sido colocadas en las vialidades con la anuencia de la autoridad de San Jacinto Amilpas, situaci\u00f3n que complica e impide el acceso de unidades que prestan el servicio de agua, gas, recolecci\u00f3n de basura, entre otros.&nbsp;<\/p>\n\n\n\n<p>\u201cAlgunas calles est\u00e1n completamente cerradas, otras tienen postes donde solo cabe un coche, pero ya un carro como el de la basura, una ambulancia o bomberos tendr\u00edan que buscar rutas alternas y eso a nosotros nos afecta porque se trata de nuestra seguridad y salud\u201d, refiri\u00f3 uno de los vecinos.&nbsp;&nbsp;<\/p>\n\n\n\n<p>En este sentido responsabilizaron a la presidenta municipal de San Jacinto Amilpas, Yolanda Santos Monta\u00f1o, de autorizar la colocaci\u00f3n de postes en la mayor\u00eda de calles de la colonia, toda vez que el personal que realiz\u00f3 las acciones y puso la se\u00f1alizaci\u00f3n as\u00ed lo refiri\u00f3 en su momento.&nbsp;&nbsp;<\/p>\n\n\n\n<p>Ante ello promovieron un Juicio de Amparo en el juzgado D\u00e9cimo de Distrito por medio del cual la autoridad de primera cuenta tendr\u00e1 que rendir un informe justificado de los actos realizados, a fin de que&nbsp;el 29 de septiembre&nbsp;se lleve a cabo la Audiencia correspondiente.&nbsp;<\/p>\n\n\n\n<p>Y es que para la poblaci\u00f3n la situaci\u00f3n es sumamente grave toda vez que, en diciembre del a\u00f1o pasado, no pudo acceder un cami\u00f3n de bomberos para sofocar un incendio, debido a la ingobernabilidad de las autoridades y la privatizaci\u00f3n de calles que ha tra\u00eddo como consecuencia.&nbsp;&nbsp;<\/p>\n\n\n\n<p>\u201cUstedes saben que en una emergencia los minutos que dilate la ambulancia puede marcar la diferencia, hace unos d\u00edas una persona infectada de Covid no puedo ser traslada de manera eficiente al centro hospitalario, por el contrario, tuvo que dar toda una vuelta para salir de la trampa en la que se ha convertido la colonia\u201d, dijo un segundo vecino del lugar.&nbsp;&nbsp;<\/p>\n\n\n\n<p>Los obst\u00e1culos colocados complican la salida de la demarcaci\u00f3n durante las ma\u00f1anas cuando la mayor\u00eda de la gente sale a trabajar, sin embargo, quienes los instalaron aseguran contar con el respaldo de su autoridad municipal por lo que han recurrido a la v\u00eda legal para evitar el conflicto con los vecinos.&nbsp;<\/p>\n\n\n\n<p>\u201cEs incre\u00edble la falta de sensibilidad que existe en este momento en donde estamos viviendo una pandemia, donde la personas tengan esta cerraz\u00f3n y quieran privatizar las calles denominadas como v\u00eda p\u00fablica\u201d, sentenciaron.  <\/p>\n","protected":false},"excerpt":{"rendered":"<p>Evlin Arag\u00f3n\/Zona Roja.&nbsp; Oaxaca de Ju\u00e1rez, Oax., 15 de septiembre de 2021.-&nbsp;Habitantes de la colonia&hellip;<\/p>\n","protected":false},"author":2,"featured_media":32056,"comment_status":"closed","ping_status":"open","sticky":false,"template":"","format":"standard","meta":{"_lmt_disableupdate":"","_lmt_disable":"","_jetpack_memberships_contains_paid_content":false,"footnotes":""},"categories":[109,47],"tags":[77],"class_list":["post-32057","post","type-post","status-publish","format-standard","has-post-thumbnail","hentry","category-minuto-a-minuto","category-zona-gris","tag-san-jacinto-amilpas"],"jetpack_featured_media_url":"https:\/\/zonaroja.com.mx\/wp-content\/uploads\/2021\/09\/00a6568b-0bfb-4182-93f0-9152e6d4cb28.jpg","jetpack_sharing_enabled":true,"_links":{"self":[{"href":"https:\/\/zonaroja.com.mx\/index.php?rest_route=\/wp\/v2\/posts\/32057","targetHints":{"allow":["GET"]}}],"collection":[{"href":"https:\/\/zonaroja.com.mx\/index.php?rest_route=\/wp\/v2\/posts"}],"about":[{"href":"https:\/\/zonaroja.com.mx\/index.php?rest_route=\/wp\/v2\/types\/post"}],"author":[{"embeddable":true,"href":"https:\/\/zonaroja.com.mx\/index.php?rest_route=\/wp\/v2\/users\/2"}],"replies":[{"embeddable":true,"href":"https:\/\/zonaroja.com.mx\/index.php?rest_route=%2Fwp%2Fv2%2Fcomments&post=32057"}],"version-history":[{"count":1,"href":"https:\/\/zonaroja.com.mx\/index.php?rest_route=\/wp\/v2\/posts\/32057\/revisions"}],"predecessor-version":[{"id":32058,"href":"https:\/\/zonaroja.com.mx\/index.php?rest_route=\/wp\/v2\/posts\/32057\/revisions\/32058"}],"wp:featuredmedia":[{"embeddable":true,"href":"https:\/\/zonaroja.com.mx\/index.php?rest_route=\/wp\/v2\/media\/32056"}],"wp:attachment":[{"href":"https:\/\/zonaroja.com.mx\/index.php?rest_route=%2Fwp%2Fv2%2Fmedia&parent=32057"}],"wp:term":[{"taxonomy":"category","embeddable":true,"href":"https:\/\/zonaroja.com.mx\/index.php?rest_route=%2Fwp%2Fv2%2Fcategories&post=32057"},{"taxonomy":"post_tag","embeddable":true,"href":"https:\/\/zonaroja.com.mx\/index.php?rest_route=%2Fwp%2Fv2%2Ftags&post=32057"}],"curies":[{"name":"wp","href":"https:\/\/api.w.org\/{rel}","templated":true}]}}