{"id":3206,"date":"2019-08-19T18:13:12","date_gmt":"2019-08-19T23:13:12","guid":{"rendered":"http:\/\/www.zonaroja.com.mx\/?p=3206"},"modified":"2019-08-19T18:13:14","modified_gmt":"2019-08-19T23:13:14","slug":"inicia-seccion-22-la-semana-con-dos-protestas-un-caso-sin-justificacion","status":"publish","type":"post","link":"https:\/\/zonaroja.com.mx\/?p=3206","title":{"rendered":"Inicia Secci\u00f3n 22 la semana con dos protestas; un caso, sin justificaci\u00f3n"},"content":{"rendered":"\n<p>Evlin Arag\u00f3n\/Zona Roja.<\/p>\n\n\n\n<p>Oaxaca de Ju\u00e1rez, Oax., 19 de agosto de\n2019.- Docentes de la Secci\u00f3n 22 del&nbsp;\nSindicato Nacional de Trabajadores de la Educaci\u00f3n (SNTE), y madres de\nfamilia de jard\u00edn de ni\u00f1os \u201cJos\u00e9 Vasconcelos\u201d, ubicado en la colonia M\u00e1rtires\ndel R\u00edo Blanco, protagonizaron un conato de violencia, luego de que el\nmagisterio intentara imponer una nueva plantilla de docentes.<\/p>\n\n\n\n<p>Lo anterior de acuerdo con la parte\nafectada, debido a su oposici\u00f3n de participar en las movilizaciones a las que\nconvoca la dirigencia magisterial, acci\u00f3n que ha sido respaldada por madres y\npadres de familia, tal y como lo inform\u00f3 la directora del centro escolar,\nAdriana Mayoral Garc\u00eda.<\/p>\n\n\n\n<p>Pese a que la instituci\u00f3n cumple con\nlos planes de estudio y el calendario escolar, el gremio magisterial acord\u00f3 en\nasamblea realizar el cambio de docentes, situaci\u00f3n que no fue bien vista por\nmadres de familia que reclamaron la incursi\u00f3n por la fuerza y aseguraron no\npermitir\u00e1n ning\u00fan cambio que no est\u00e9 avalado por las autoridades.<\/p>\n\n\n\n<p>Una de quienes encabezaron el cierre del acceso al plantel para imponer una nueva plantilla fue Carmen L\u00f3pez V\u00e1squez, conocida como \u201cLa Jicayana\u201d, durante el movimiento social y magisterial del a\u00f1o 2006.<\/p>\n\n\n\n<figure class=\"wp-block-embed-twitter wp-block-embed is-type-rich is-provider-twitter\"><div class=\"wp-block-embed__wrapper\">\n<div class=\"twitter-tweet\"><blockquote class=\"twitter-tweet\" data-lang=\"es\"><p lang=\"es\" dir=\"ltr\"><a href=\"https:\/\/twitter.com\/hashtag\/OaxacaGris?src=hash&amp;ref_src=twsrc%5Etfw\">#OaxacaGris<\/a><br>A una semana del inicio de clases, un grupo de maestros de la Secci\u00f3n 22, encabezados por Carmen L\u00f3pez, cerr\u00f3 el preescolar \u201cJos\u00e9 Vasconcelos\u201d, colonia M\u00e1rtires de R\u00edo Blanco de la capital, para presuntamente imponer una plantilla docente, con rechazo de padres. <a href=\"https:\/\/t.co\/rXUO6g6zz8\">pic.twitter.com\/rXUO6g6zz8<\/a><\/p>&mdash; Zona Roja Oaxaca (@MexRoja) <a href=\"https:\/\/twitter.com\/MexRoja\/status\/1163482536036708354?ref_src=twsrc%5Etfw\">19 de agosto de 2019<\/a><\/blockquote><\/div>\n<\/div><\/figure>\n\n\n\n<p>BLOQUEO VIAL<\/p>\n\n\n\n<p>Mientras que otro grupo de trabajadores\nde la Secci\u00f3n 22 se moviliz\u00f3 en las oficinas de la Unidad de Primarias del\nInstituto Estatal de Educaci\u00f3n P\u00fablica de Oaxaca (IEEPO), para exigir la\nentrega de oficios para el cambio de adscripci\u00f3n de cinco integrantes del\nmagisterio.<\/p>\n\n\n\n<p>Rogelio Mart\u00ednez, secretario general de\nzona escolar DI-8, asegur\u00f3 que desde hace dos semanas han insistido en la\nentrega de los oficios de presentaci\u00f3n de cinco profesores quienes el pr\u00f3ximo\n22 de agosto que inicia el ciclo escolar tendr\u00edan que presentarse en nuevas\ninstalaciones, raz\u00f3n por la que iniciaron la movilizaci\u00f3n que incluye el cierre\nde la Calzada de la Rep\u00fablica.<\/p>\n\n\n\n<p>Detall\u00f3 que dentro de sus demandas tambi\u00e9n se encuentra la estabilidad laboral de sus compa\u00f1eros adscritos a la zona 015, ya que a\u00fan se mantienen los estragos de un conflicto en el ciclo escolar 2015-2016 y del cual responsabilizan al profesor Carlos Jorge Rosales Barrag\u00e1n, as\u00ed como solicitaron la dotaci\u00f3n de materiales y recursos a las escuelas de la zona, ya que a la fecha 13 no han recibido ning\u00fan tipo de apoyo, lo cual repercute en la educaci\u00f3n de ni\u00f1as y ni\u00f1os.<\/p>\n\n\n\n<figure class=\"wp-block-embed-twitter wp-block-embed is-type-rich is-provider-twitter\"><div class=\"wp-block-embed__wrapper\">\n<div class=\"twitter-tweet\"><blockquote class=\"twitter-tweet\" data-lang=\"es\"><p lang=\"es\" dir=\"ltr\"><a href=\"https:\/\/twitter.com\/hashtag\/OaxacaGris?src=hash&amp;ref_src=twsrc%5Etfw\">#OaxacaGris<\/a><br>Otro grupo de profesores de la Secci\u00f3n 22 del SNTE, bloquea este lunes la calzada de la Rep\u00fablica, ciudad de Oaxaca, para exigir oficios de asignaci\u00f3n de cinco profesores en dos planteles de Ejutla. <a href=\"https:\/\/t.co\/Y3EIlAJMLU\">pic.twitter.com\/Y3EIlAJMLU<\/a><\/p>&mdash; Zona Roja Oaxaca (@MexRoja) <a href=\"https:\/\/twitter.com\/MexRoja\/status\/1163494695911198724?ref_src=twsrc%5Etfw\">19 de agosto de 2019<\/a><\/blockquote><\/div>\n<\/div><\/figure>\n\n\n\n<p>SIN RAZ\u00d3N<\/p>\n\n\n\n<p>Por su parte, en un comunicado el IEEPO\nconvoc\u00f3 a los docentes de la Zona Escolar 015 de Ejutla de Crespo, para que a\ntrav\u00e9s del dialogo, sin afectar a terceros y en el marco de la ley, encuentren\nopciones de soluci\u00f3n a sus planteamientos.<\/p>\n\n\n\n<p>Sobre la petici\u00f3n de \u00f3rdenes de\npresentaci\u00f3n para las escuelas primarias de la Zona Escolar 015, aclar\u00f3 que no\nha realizado ning\u00fan proceso de cambios de adscripci\u00f3n, por lo que los quienes que\nconcluyeron el ciclo escolar pasado, son los que deber\u00e1n iniciar el ciclo\nescolar 2019-2020.<\/p>\n\n\n\n<p>El IEEPO exhort\u00f3 a los docentes que se\nmovilizaron este lunes, a exponer sus demandas por la v\u00eda institucional, sin\nafectar el tr\u00e1nsito en la capital del estado y reitera su respeto a los\nderechos laborales de los trabajadores de la educaci\u00f3n.<\/p>\n\n\n\n<p>Adem\u00e1s, llam\u00f3 a realizar los tr\u00e1mites\nadministrativos con apego a la normatividad y conforme a los procedimientos\ncorrespondientes ante las diferentes direcciones y \u00e1reas del Instituto Estatal\nde Educaci\u00f3n P\u00fablica de Oaxaca.<\/p>\n\n\n\n<p>Por la tarde fue retirado el bloqueo de\nlos profesores a la calzada de la Rep\u00fablica de la capital.<\/p>\n","protected":false},"excerpt":{"rendered":"<p>Evlin Arag\u00f3n\/Zona Roja. Oaxaca de Ju\u00e1rez, Oax., 19 de agosto de 2019.- Docentes de la&hellip;<\/p>\n","protected":false},"author":2,"featured_media":3207,"comment_status":"closed","ping_status":"open","sticky":false,"template":"","format":"standard","meta":{"_lmt_disableupdate":"","_lmt_disable":"","_jetpack_memberships_contains_paid_content":false,"footnotes":""},"categories":[109,47],"tags":[312],"class_list":["post-3206","post","type-post","status-publish","format-standard","has-post-thumbnail","hentry","category-minuto-a-minuto","category-zona-gris","tag-seccion-22-del-snte"],"jetpack_featured_media_url":"https:\/\/zonaroja.com.mx\/wp-content\/uploads\/2019\/08\/IMG_9936.jpg","jetpack_sharing_enabled":true,"_links":{"self":[{"href":"https:\/\/zonaroja.com.mx\/index.php?rest_route=\/wp\/v2\/posts\/3206","targetHints":{"allow":["GET"]}}],"collection":[{"href":"https:\/\/zonaroja.com.mx\/index.php?rest_route=\/wp\/v2\/posts"}],"about":[{"href":"https:\/\/zonaroja.com.mx\/index.php?rest_route=\/wp\/v2\/types\/post"}],"author":[{"embeddable":true,"href":"https:\/\/zonaroja.com.mx\/index.php?rest_route=\/wp\/v2\/users\/2"}],"replies":[{"embeddable":true,"href":"https:\/\/zonaroja.com.mx\/index.php?rest_route=%2Fwp%2Fv2%2Fcomments&post=3206"}],"version-history":[{"count":1,"href":"https:\/\/zonaroja.com.mx\/index.php?rest_route=\/wp\/v2\/posts\/3206\/revisions"}],"predecessor-version":[{"id":3208,"href":"https:\/\/zonaroja.com.mx\/index.php?rest_route=\/wp\/v2\/posts\/3206\/revisions\/3208"}],"wp:featuredmedia":[{"embeddable":true,"href":"https:\/\/zonaroja.com.mx\/index.php?rest_route=\/wp\/v2\/media\/3207"}],"wp:attachment":[{"href":"https:\/\/zonaroja.com.mx\/index.php?rest_route=%2Fwp%2Fv2%2Fmedia&parent=3206"}],"wp:term":[{"taxonomy":"category","embeddable":true,"href":"https:\/\/zonaroja.com.mx\/index.php?rest_route=%2Fwp%2Fv2%2Fcategories&post=3206"},{"taxonomy":"post_tag","embeddable":true,"href":"https:\/\/zonaroja.com.mx\/index.php?rest_route=%2Fwp%2Fv2%2Ftags&post=3206"}],"curies":[{"name":"wp","href":"https:\/\/api.w.org\/{rel}","templated":true}]}}