{"id":32060,"date":"2021-09-15T15:34:42","date_gmt":"2021-09-15T20:34:42","guid":{"rendered":"https:\/\/www.zonaroja.com.mx\/?p=32060"},"modified":"2021-09-15T22:12:16","modified_gmt":"2021-09-16T03:12:16","slug":"llega-tendedero-de-deudores-alimentarios-al-congreso-exhiben-a-irresponsables","status":"publish","type":"post","link":"https:\/\/zonaroja.com.mx\/?p=32060","title":{"rendered":"Llega tendedero de deudores alimentarios al Congreso; exhiben a irresponsables"},"content":{"rendered":"\n<p>Evlin Arag\u00f3n\/Zona Roja.&nbsp;<\/p>\n\n\n\n<p>Oaxaca de Ju\u00e1rez, Oax., 15 de septiembre de 2021.- Activistas feministas y mujeres madres de familia instalaron&nbsp;este mi\u00e9rcoles&nbsp;un tercer tendedero para denunciar deudores alimentarios, en esta ocasi\u00f3n a las afueras del Congreso de Oaxaca, a fin de hacer presi\u00f3n para que se vote a favor de la iniciativa de ley en contra de quienes evaden su responsabilidad en perjuicio de ni\u00f1as y ni\u00f1os.&nbsp;&nbsp;<\/p>\n\n\n\n<p>\u201cPueden pasar a conocerlos, con nombre y apellido. Identif\u00edquenlos y si tienen conocidos d\u00edganle que tiene hijas e hijos que necesitamos su manutenci\u00f3n. Hoy es un d\u00eda hist\u00f3rico para Oaxaca y esperamos la aprobaci\u00f3n de esta ley de deudores alimentarios\u201d, refiri\u00f3 por altavoz Diana Luz V\u00e1squez.&nbsp;&nbsp;<\/p>\n\n\n\n<p>La activista dio a conocer que se necesitan reformas al C\u00f3digo de Procedimientos Civiles y Penales para que los varones irresponsables dejen de estar en la comodidad y asuman de una vez por todas su obligaci\u00f3n con ni\u00f1as y ni\u00f1os que merecen una pensi\u00f3n alimenticia que les permita tener una mejor calidad de vida.&nbsp;&nbsp;<\/p>\n\n\n\n<p>\u201cHoy esperamos que Oaxaca se convierta en el sexto estado con un registro y padr\u00f3n de deudores alimentarios, un registro abierto al p\u00fablico para que todo el mundo conozca a estos se\u00f1ores\u201d, manifest\u00f3 previo a la sesi\u00f3n de la 64 Legislatura.&nbsp;<\/p>\n\n\n\n<p>En entrevista con medios de comunicaci\u00f3n, Diana Luz V\u00e1squez dio conocer que como parte de los dos tendederos colocados con anterioridad -uno en la capital oaxaque\u00f1a y otro en la regi\u00f3n del Istmo- se han recibido un aproximado de 300 denuncias, de las cuales en el 10 y 15 por ciento se ha podido restablecer comunicaci\u00f3n con los deudores.\u00a0\u00a0<\/p>\n\n\n\n<figure class=\"wp-block-embed-twitter wp-block-embed is-type-rich is-provider-twitter\"><div class=\"wp-block-embed__wrapper\">\n<div class=\"twitter-tweet\"><blockquote class=\"twitter-tweet\" data-lang=\"es\"><p lang=\"es\" dir=\"ltr\"><a href=\"https:\/\/twitter.com\/hashtag\/%C3%9AltimoMinuto?src=hash&amp;ref_src=twsrc%5Etfw\">#\u00daltimoMinuto<\/a> <br>El pleno del <a href=\"https:\/\/twitter.com\/CongresoOaxLXIV?ref_src=twsrc%5Etfw\">@CongresoOaxLXIV<\/a> aprueba el decreto de reforma al C\u00f3digo Civil del Estado de <a href=\"https:\/\/twitter.com\/hashtag\/Oaxaca?src=hash&amp;ref_src=twsrc%5Etfw\">#Oaxaca<\/a>, mediante la cual se har\u00e1 p\u00fablico el padr\u00f3n de deudores alimentarios y se aplicar\u00e1n sanciones m\u00e1s severas en contra de quienes incumplen obligaciones con hijos. <a href=\"https:\/\/t.co\/Gghs2LYdfQ\">pic.twitter.com\/Gghs2LYdfQ<\/a><\/p>&mdash; Zona Roja Oaxaca (@Zona_Roja_Oax) <a href=\"https:\/\/twitter.com\/Zona_Roja_Oax\/status\/1438234972779843590?ref_src=twsrc%5Etfw\">15 de septiembre de 2021<\/a><\/blockquote><\/div>\n<\/div><\/figure>\n\n\n\n<p>Sin embargo, tambi\u00e9n se han presentado por lo menos diez casos de mujeres que han sido amenazadas por sus exparejas, luego de ser exhibidos como deudores alimentarios, raz\u00f3n por la que acudieron a la Fiscal\u00eda General del Estado a presentar las denuncias correspondientes y cuentan con medidas de protecci\u00f3n por parte de la Defensor\u00eda de los Derechos Humanos del Pueblo de Oaxaca (DDHPO).&nbsp;&nbsp;<\/p>\n\n\n\n<p>La tambi\u00e9n abogada explic\u00f3 que en M\u00e9xico se tiene un registro de 35 millones de mujeres que encabezan las familias, cifra que podr\u00edan ser mayor, adem\u00e1s que no existe una sanci\u00f3n efectiva para los deudores alimentarios, lo cual contribuye a que los varones una y otra vez recurran al abandono de sus hijas e hijos.&nbsp;&nbsp;<\/p>\n\n\n\n<p>Por ello buscan que, con la iniciativa de ley, se implementen sanciones que los obliguen a asumir su responsabilidad y se termine con la justicia machista y patriarcal que hasta el momento impera en el estado y el pa\u00eds; adem\u00e1s que dichos personajes formen parte de un padr\u00f3n que les impida contraer nupcias, acceder a cr\u00e9ditos, y ser proveedores del gobierno de Oaxaca.&nbsp;&nbsp;&nbsp;<\/p>\n\n\n\n<p>\u201cEstos personajes que ustedes ven -en el tendedero- andan por la vida ocupando cargos p\u00fablicos, no se salva ning\u00fan partido pol\u00edtico, asociaciones tambi\u00e9n tenemos ah\u00ed un l\u00edder que hace poco tomo las calles del centro pidiendo millones de pesos y tiene a sus criaturas sin comer\u201d, sentenci\u00f3.&nbsp;&nbsp;<\/p>\n\n\n\n<p>De igual forma, detall\u00f3 que una vez que se consiga la ley en Oaxaca llevar\u00e1n su demanda a la Federaci\u00f3n, en donde pedir\u00e1n que exista un padr\u00f3n nacional que restringa los derechos de los inscritos, a quienes incluso se les prohibir\u00eda tramitar su pasaporte, licencia de manejo, entre otros documentos.  <\/p>\n","protected":false},"excerpt":{"rendered":"<p>Evlin Arag\u00f3n\/Zona Roja.&nbsp; Oaxaca de Ju\u00e1rez, Oax., 15 de septiembre de 2021.- Activistas feministas y&hellip;<\/p>\n","protected":false},"author":2,"featured_media":32059,"comment_status":"closed","ping_status":"open","sticky":false,"template":"","format":"standard","meta":{"_lmt_disableupdate":"","_lmt_disable":"","_jetpack_memberships_contains_paid_content":false,"footnotes":""},"categories":[109,46],"tags":[],"class_list":["post-32060","post","type-post","status-publish","format-standard","has-post-thumbnail","hentry","category-minuto-a-minuto","category-zona-blanca"],"jetpack_featured_media_url":"https:\/\/zonaroja.com.mx\/wp-content\/uploads\/2021\/09\/7263d042-2369-4184-bd39-e41b878774fa.jpg","jetpack_sharing_enabled":true,"_links":{"self":[{"href":"https:\/\/zonaroja.com.mx\/index.php?rest_route=\/wp\/v2\/posts\/32060","targetHints":{"allow":["GET"]}}],"collection":[{"href":"https:\/\/zonaroja.com.mx\/index.php?rest_route=\/wp\/v2\/posts"}],"about":[{"href":"https:\/\/zonaroja.com.mx\/index.php?rest_route=\/wp\/v2\/types\/post"}],"author":[{"embeddable":true,"href":"https:\/\/zonaroja.com.mx\/index.php?rest_route=\/wp\/v2\/users\/2"}],"replies":[{"embeddable":true,"href":"https:\/\/zonaroja.com.mx\/index.php?rest_route=%2Fwp%2Fv2%2Fcomments&post=32060"}],"version-history":[{"count":2,"href":"https:\/\/zonaroja.com.mx\/index.php?rest_route=\/wp\/v2\/posts\/32060\/revisions"}],"predecessor-version":[{"id":32079,"href":"https:\/\/zonaroja.com.mx\/index.php?rest_route=\/wp\/v2\/posts\/32060\/revisions\/32079"}],"wp:featuredmedia":[{"embeddable":true,"href":"https:\/\/zonaroja.com.mx\/index.php?rest_route=\/wp\/v2\/media\/32059"}],"wp:attachment":[{"href":"https:\/\/zonaroja.com.mx\/index.php?rest_route=%2Fwp%2Fv2%2Fmedia&parent=32060"}],"wp:term":[{"taxonomy":"category","embeddable":true,"href":"https:\/\/zonaroja.com.mx\/index.php?rest_route=%2Fwp%2Fv2%2Fcategories&post=32060"},{"taxonomy":"post_tag","embeddable":true,"href":"https:\/\/zonaroja.com.mx\/index.php?rest_route=%2Fwp%2Fv2%2Ftags&post=32060"}],"curies":[{"name":"wp","href":"https:\/\/api.w.org\/{rel}","templated":true}]}}