{"id":32074,"date":"2021-09-15T21:39:30","date_gmt":"2021-09-16T02:39:30","guid":{"rendered":"http:\/\/www.zonaroja.com.mx\/?p=32074"},"modified":"2021-09-15T21:39:34","modified_gmt":"2021-09-16T02:39:34","slug":"sin-respuestas-sindicalizados-titular-de-sso-opta-por-culpar-a-federacion","status":"publish","type":"post","link":"https:\/\/zonaroja.com.mx\/?p=32074","title":{"rendered":"Sin respuestas, sindicalizados; titular de SSO opta por culpar a Federaci\u00f3n"},"content":{"rendered":"\n<p>Evlin Arag\u00f3n\/Zona Roja.<\/p>\n\n\n\n<p>Oaxaca de Ju\u00e1rez, Oax., 15 de septiembre de 2021.- En medio de una cirug\u00eda, personal m\u00e9dico del Hospital Comunitario de Santa Catarina Juquila denunci\u00f3 que a partir de este 15 de septiembre se quedar\u00e1n desempleados, debido a que fueron contratados como trabajadoras y trabajadores eventuales.&nbsp;<\/p>\n\n\n\n<p>Por medio de un video que difundieron a trav\u00e9s de las redes sociales, los m\u00e9dicos Luis Boh\u00f3rquez y \u00c1lvaro Rodr\u00edguez, el anestesi\u00f3logo Leyva y la enfermera Magda, con una antig\u00fcedad de dos a seis a\u00f1os, forman parte de las 20 personas de esa instituci\u00f3n a quienes se les notificar\u00e1 su t\u00e9rmino de contrato, debido a la falta de techo presupuestal de los Servicios de Salud de Oaxaca (SSO), que enfrentan una de sus peores crisis.&nbsp;<\/p>\n\n\n\n<p>\u201cDesafortunadamente el d\u00eda de hoy se nos va a notificar el t\u00e9rmino de nuestra relaci\u00f3n laboral con los Servicios de Salud de Oaxaca. Somos aproximadamente 20 compa\u00f1eros eventuales en esta unidad que nos vamos a quedar sin empleo\u201d, relato el anestesi\u00f3logo al interior del quir\u00f3fano.&nbsp;<\/p>\n\n\n\n<p>Pese a que realiza actividades primordiales, como lo son las cirug\u00edas al interior del nosocomio, el personal forma parte de los miles de trabajadores que ser\u00e1n cesados en la entidad oaxaque\u00f1a, ocasionando serios da\u00f1os en la atenci\u00f3n m\u00e9dica de la poblaci\u00f3n que mayor necesidad tiene.&nbsp;<\/p>\n\n\n\n<p>\u201cLa comunidad de Santa Catarina Juquila se quedar\u00e1 tambi\u00e9n sin algunos servicios por ejemplo cirug\u00eda general, ginecolog\u00eda, pediatr\u00eda, anestesiolog\u00eda, ya que, al ser eventuales, el hospital se queda sin este tipo de personal\u201d, dijo.<\/p>\n\n\n\n<p>Finalmente detall\u00f3 que lo anterior no es exclusivo de la comunidad de Juquila por el contrario se trata de una problem\u00e1tica estatal que enfrentar\u00e1n los centros m\u00e9dicos ante el despido masivo de personal que incluye enfermeras, camilleros, laboratoristas, trabajo social, m\u00e9dicos generales est\u00e1n siendo despedidos en estos momentos.\u00a0<\/p>\n\n\n\n<figure class=\"wp-block-embed-twitter wp-block-embed is-type-rich is-provider-twitter\"><div class=\"wp-block-embed__wrapper\">\n<div class=\"twitter-tweet\"><blockquote class=\"twitter-tweet\" data-lang=\"es\"><p lang=\"es\" dir=\"ltr\"><a href=\"https:\/\/twitter.com\/hashtag\/%C3%9AltimoMinuto?src=hash&amp;ref_src=twsrc%5Etfw\">#\u00daltimoMinuto<\/a> <br>Comparten video de una denuncia de personal m\u00e9dico eventual que ser\u00e1 cesado en los <a href=\"https:\/\/twitter.com\/SSO_GobOax?ref_src=twsrc%5Etfw\">@SSO_GobOax<\/a>, en el hospital de Santa Catarina <a href=\"https:\/\/twitter.com\/hashtag\/Juquila?src=hash&amp;ref_src=twsrc%5Etfw\">#Juquila<\/a>, <a href=\"https:\/\/twitter.com\/hashtag\/Oaxaca?src=hash&amp;ref_src=twsrc%5Etfw\">#Oaxaca<\/a>, pese a que realiza actividades primordiales, como cirug\u00edas. <a href=\"https:\/\/t.co\/lyJ3XrebqF\">pic.twitter.com\/lyJ3XrebqF<\/a><\/p>&mdash; Zona Roja Oaxaca (@Zona_Roja_Oax) <a href=\"https:\/\/twitter.com\/Zona_Roja_Oax\/status\/1438184143570051072?ref_src=twsrc%5Etfw\">15 de septiembre de 2021<\/a><\/blockquote><\/div>\n<\/div><\/figure>\n\n\n\n<p>PARAN LABORES<\/p>\n\n\n\n<p>Los despidos anunciados desde semanas atr\u00e1s se concretaron este mi\u00e9rcoles por lo que desde temprana hora personal m\u00e9dico y administrativo de los SSO se manifestaron en la fuente de las Ocho Regiones.<\/p>\n\n\n\n<p>\u201cAyer era nada m\u00e1s una sospecha, hoy se est\u00e1 confirmando que m\u00e1s de dos mil 200 trabajadores de la Secretar\u00eda de Salud est\u00e1n siendo despedidos incluido personal m\u00e9dico y de enfermer\u00eda\u201d, refiri\u00f3 Alberto V\u00e1squez San Germ\u00e1n, secretario general de la Subsecci\u00f3n 07 del Sindicato Nacional de Trabadores de la Secretar\u00eda de Salud (SNTSA) al interior del Hospital Civil \u201cDoctor Aurelio Valdivieso\u201d.<\/p>\n\n\n\n<p>Indic\u00f3 que, al interior del nosocomio, ha quedado suspendida la atenci\u00f3n oncol\u00f3gica, de urolog\u00eda, neurolog\u00eda y cardiolog\u00eda pedi\u00e1trica debido a que dentro del personal eventual despedido se encuentran las y los especialistas de dichas \u00e1reas.&nbsp;<\/p>\n\n\n\n<p>Calific\u00f3 de dolosa e inadmisible la decisi\u00f3n administrativa tomada por Juan Carlos M\u00e1rquez Heine, titular de los SSO, misma que incumple con los acuerdos sostenidos con el gobernador de Oaxaca, Alejandro Murat, y vulnera el derecho a la salud que tiene todo ciudadano&nbsp;&nbsp;<\/p>\n\n\n\n<p>\u201cLo hacemos responsable de todas las consecuencias que esto pueda llevar porque se est\u00e1 dejando de atender a los pacientes hospitalizados\u2026 El gobernador se hab\u00eda comprometido con nosotros que la rama m\u00e9dica y param\u00e9dica no iba a ser tocada\u201d, manifest\u00f3.&nbsp;<\/p>\n\n\n\n<p>Finalmente, detall\u00f3 que M\u00e1rquez Heine est\u00e1 desconocido como secretario de Salud en la entidad desde el d\u00eda de ayer, por lo que piden la destituci\u00f3n oficial del funcionario a quien responsabilizan del paro de laborales de 24 horas de este mi\u00e9rcoles, toda vez que otros tres mil trabajadores, incluso sindicalizados, est\u00e1n en riesgo.<\/p>\n\n\n\n<figure class=\"wp-block-embed-twitter wp-block-embed is-type-rich is-provider-twitter\"><div class=\"wp-block-embed__wrapper\">\n<div class=\"twitter-tweet\"><blockquote class=\"twitter-tweet\" data-lang=\"es\"><p lang=\"es\" dir=\"ltr\"><a href=\"https:\/\/twitter.com\/hashtag\/%C3%9AltimoMinuto?src=hash&amp;ref_src=twsrc%5Etfw\">#\u00daltimoMinuto<\/a> <br>Inicia el paro de labores de dos d\u00edas, hoy y viernes, de sindicalizados de la Secci\u00f3n 35 de los <a href=\"https:\/\/twitter.com\/SSO_GobOax?ref_src=twsrc%5Etfw\">@SSO_GobOax<\/a>, ante cerraz\u00f3n e incapacidad del titular <a href=\"https:\/\/twitter.com\/JC_MarquezH?ref_src=twsrc%5Etfw\">@JC_MarquezH<\/a> para atender sus demandas. <a href=\"https:\/\/t.co\/xK54gvP5xo\">pic.twitter.com\/xK54gvP5xo<\/a><\/p>&mdash; Zona Roja Oaxaca (@Zona_Roja_Oax) <a href=\"https:\/\/twitter.com\/Zona_Roja_Oax\/status\/1438151579501309953?ref_src=twsrc%5Etfw\">15 de septiembre de 2021<\/a><\/blockquote><\/div>\n<\/div><\/figure>\n\n\n\n<p>As\u00ed mismo, V\u00e1squez San Germ\u00e1n advirti\u00f3 mayores movilizaciones en los pr\u00f3ximos d\u00edas, incluidas marchas y plantones que podr\u00edan incluir las sedes que visite este fin de semana el presidente de la Rep\u00fablica, Andr\u00e9s Manuel L\u00f3pez Obrador, durante su gira por Oaxaca.&nbsp;<\/p>\n\n\n\n<p>CULPABLES OTROS<\/p>\n\n\n\n<p>Durante el d\u00eda, los sindicalizados de la Secci\u00f3n 35 no tuvieron respuesta, pese a que pararon labores en cl\u00ednicas y nosocomios de todo el estado.<\/p>\n\n\n\n<p>El titular de los SSO, M\u00e1rquez Heine, s\u00f3lo se limit\u00f3 a enviar un oficio, con n\u00famero 1C\/2003\/2021, en que justifica que \u201ccomo es de su conocimiento, los Servicios de Salud est\u00e1n atravesando un momento dif\u00edcil debido a la crisis generada por la falta de surtimiento de medicamentos e insumos por parte de la Federaci\u00f3n.<\/p>\n\n\n\n<p>\u201cAunado a la imposibilidad jur\u00eddica, material y financiera para resolver la problem\u00e1tica del personal de contrato eventual\u201d, detall\u00f3, al solicitar a los sindicalizados que en sus protestas, no afecten los servicios que se brindan a la poblaci\u00f3n.<\/p>\n","protected":false},"excerpt":{"rendered":"<p>Evlin Arag\u00f3n\/Zona Roja. Oaxaca de Ju\u00e1rez, Oax., 15 de septiembre de 2021.- En medio de&hellip;<\/p>\n","protected":false},"author":2,"featured_media":32075,"comment_status":"closed","ping_status":"open","sticky":false,"template":"","format":"standard","meta":{"_lmt_disableupdate":"","_lmt_disable":"","_jetpack_memberships_contains_paid_content":false,"footnotes":""},"categories":[109,47],"tags":[1005],"class_list":["post-32074","post","type-post","status-publish","format-standard","has-post-thumbnail","hentry","category-minuto-a-minuto","category-zona-gris","tag-servicios-de-salud-de-oaxaca-sso"],"jetpack_featured_media_url":"https:\/\/zonaroja.com.mx\/wp-content\/uploads\/2021\/09\/Protesta-sindicalizados-Salud.jpg","jetpack_sharing_enabled":true,"_links":{"self":[{"href":"https:\/\/zonaroja.com.mx\/index.php?rest_route=\/wp\/v2\/posts\/32074","targetHints":{"allow":["GET"]}}],"collection":[{"href":"https:\/\/zonaroja.com.mx\/index.php?rest_route=\/wp\/v2\/posts"}],"about":[{"href":"https:\/\/zonaroja.com.mx\/index.php?rest_route=\/wp\/v2\/types\/post"}],"author":[{"embeddable":true,"href":"https:\/\/zonaroja.com.mx\/index.php?rest_route=\/wp\/v2\/users\/2"}],"replies":[{"embeddable":true,"href":"https:\/\/zonaroja.com.mx\/index.php?rest_route=%2Fwp%2Fv2%2Fcomments&post=32074"}],"version-history":[{"count":1,"href":"https:\/\/zonaroja.com.mx\/index.php?rest_route=\/wp\/v2\/posts\/32074\/revisions"}],"predecessor-version":[{"id":32076,"href":"https:\/\/zonaroja.com.mx\/index.php?rest_route=\/wp\/v2\/posts\/32074\/revisions\/32076"}],"wp:featuredmedia":[{"embeddable":true,"href":"https:\/\/zonaroja.com.mx\/index.php?rest_route=\/wp\/v2\/media\/32075"}],"wp:attachment":[{"href":"https:\/\/zonaroja.com.mx\/index.php?rest_route=%2Fwp%2Fv2%2Fmedia&parent=32074"}],"wp:term":[{"taxonomy":"category","embeddable":true,"href":"https:\/\/zonaroja.com.mx\/index.php?rest_route=%2Fwp%2Fv2%2Fcategories&post=32074"},{"taxonomy":"post_tag","embeddable":true,"href":"https:\/\/zonaroja.com.mx\/index.php?rest_route=%2Fwp%2Fv2%2Ftags&post=32074"}],"curies":[{"name":"wp","href":"https:\/\/api.w.org\/{rel}","templated":true}]}}