{"id":32080,"date":"2021-09-15T22:25:08","date_gmt":"2021-09-16T03:25:08","guid":{"rendered":"http:\/\/www.zonaroja.com.mx\/?p=32080"},"modified":"2021-09-15T23:03:48","modified_gmt":"2021-09-16T04:03:48","slug":"oaxaca-da-el-grito-con-covid-al-extremo-424-contagios-y-36-decesos","status":"publish","type":"post","link":"https:\/\/zonaroja.com.mx\/?p=32080","title":{"rendered":"Oaxaca da el \u00abGrito\u00bb con Covid al extremo: 424 contagios y 36 decesos"},"content":{"rendered":"\n<p>Redacci\u00f3n\/Zona Roja<\/p>\n\n\n\n<p>Oaxaca de Ju\u00e1rez, Oax., 15 de septiembre de 2021.- Este mi\u00e9rcoles,&nbsp;de acuerdo con el comunicado t\u00e9cnico diario de los Servicios de Salud de Oaxaca, se registraron 424 casos nuevos del SARS-CoV-2 en 90 municipios, que suman 73 mil 025 acumulados en toda la entidad.<\/p>\n\n\n\n<p>La dependencia destac\u00f3 que se han notificado 129 mil 570 contagios, de los cuales, 50 mil 535 han sido negativos, seis mil 010 son sospechosos, 66 mil 591 se han recuperado y se contabilizaron 36 decesos, para un total de cuatro mil 982 defunciones, durante la pandemia.<\/p>\n\n\n\n<p>Mencion\u00f3 que la Jurisdicci\u00f3n Sanitaria de Valles Centrales, contabiliza 44 mil 358 confirmados y dos mil 237 defunciones; Istmo nueve mil 881 confirmados y mil 72 defunciones; Tuxtepec cinco mil 44 confirmados y 472 defunciones; Costa cinco mil 454 confirmados y 432 defunciones; Mixteca cinco mil 830 confirmados y 505 defunciones; Sierra dos mil 458 confirmados y 264 defunciones.<\/p>\n\n\n\n<p>Agreg\u00f3 que de los municipios que reportaron contagios nuevos este 15 de septiembre, a la cabeza se encuentra Oaxaca de Ju\u00e1rez con 82 pacientes, Ciudad Ixtepec con 39, Heroica Ciudad de Juchit\u00e1n de Zaragoza con 29, El Barrio de la Soledad con 23, y Salina Cruz con 16, por mencionar algunos.<\/p>\n\n\n\n<p>Se\u00f1al\u00f3 que de los 73 mil 25 casos confirmados desde el pasado marzo 2020, 38 mil 147 son hombres y 34 mil 878 son mujeres; por tipo de atenci\u00f3n 10 mil 451 casos fueron hospitalizados y &nbsp;62 mil 574 son ambulatorio.<\/p>\n\n\n\n<p>Precis\u00f3 que actualmente mil 452 personas cursan con la enfermedad en etapa activa, de los cuales 575 son habitantes de Valles Centrales, 539 del Istmo, 108 de la Costa, 103 de Tuxtepec, 68 Mixteca y 59 de la Sierra.<\/p>\n\n\n\n<p>Puntualiz\u00f3 que hasta el \u00faltimo corte, la red de hospitales en el estado presenta el 60.9% de saturaci\u00f3n, es decir, hay 313 camas ocupadas de un total de 514; 10 nosocomios se encuentran al 100% de su capacidad m\u00e9dica, y en las \u00faltimas 24 horas se report\u00f3 el ingreso hospitalario de 12 pacientes.<\/p>\n\n\n\n<p>La instituci\u00f3n pidi\u00f3 a las familias oaxaque\u00f1as a seguir utilizando el cubrebocas de manera correcta, para salvaguardar la vida y la salud; asimismo recomend\u00f3 usarlo siempre al salir de casa; evitar tocarlo, cubrir nariz y barbilla, no compartirlo y retirarlo por detr\u00e1s sin tocar el frente, adem\u00e1s evitar lugares aglomerados y con poca ventilaci\u00f3n.<\/p>\n","protected":false},"excerpt":{"rendered":"<p>Redacci\u00f3n\/Zona Roja Oaxaca de Ju\u00e1rez, Oax., 15 de septiembre de 2021.- Este mi\u00e9rcoles,&nbsp;de acuerdo con&hellip;<\/p>\n","protected":false},"author":2,"featured_media":32081,"comment_status":"closed","ping_status":"open","sticky":false,"template":"","format":"standard","meta":{"_lmt_disableupdate":"","_lmt_disable":"","_jetpack_memberships_contains_paid_content":false,"footnotes":""},"categories":[109,47],"tags":[1512],"class_list":["post-32080","post","type-post","status-publish","format-standard","has-post-thumbnail","hentry","category-minuto-a-minuto","category-zona-gris","tag-coronavirus-oaxaca"],"jetpack_featured_media_url":"https:\/\/zonaroja.com.mx\/wp-content\/uploads\/2021\/09\/Casos-Covid-15sept.jpg","jetpack_sharing_enabled":true,"_links":{"self":[{"href":"https:\/\/zonaroja.com.mx\/index.php?rest_route=\/wp\/v2\/posts\/32080","targetHints":{"allow":["GET"]}}],"collection":[{"href":"https:\/\/zonaroja.com.mx\/index.php?rest_route=\/wp\/v2\/posts"}],"about":[{"href":"https:\/\/zonaroja.com.mx\/index.php?rest_route=\/wp\/v2\/types\/post"}],"author":[{"embeddable":true,"href":"https:\/\/zonaroja.com.mx\/index.php?rest_route=\/wp\/v2\/users\/2"}],"replies":[{"embeddable":true,"href":"https:\/\/zonaroja.com.mx\/index.php?rest_route=%2Fwp%2Fv2%2Fcomments&post=32080"}],"version-history":[{"count":2,"href":"https:\/\/zonaroja.com.mx\/index.php?rest_route=\/wp\/v2\/posts\/32080\/revisions"}],"predecessor-version":[{"id":32083,"href":"https:\/\/zonaroja.com.mx\/index.php?rest_route=\/wp\/v2\/posts\/32080\/revisions\/32083"}],"wp:featuredmedia":[{"embeddable":true,"href":"https:\/\/zonaroja.com.mx\/index.php?rest_route=\/wp\/v2\/media\/32081"}],"wp:attachment":[{"href":"https:\/\/zonaroja.com.mx\/index.php?rest_route=%2Fwp%2Fv2%2Fmedia&parent=32080"}],"wp:term":[{"taxonomy":"category","embeddable":true,"href":"https:\/\/zonaroja.com.mx\/index.php?rest_route=%2Fwp%2Fv2%2Fcategories&post=32080"},{"taxonomy":"post_tag","embeddable":true,"href":"https:\/\/zonaroja.com.mx\/index.php?rest_route=%2Fwp%2Fv2%2Ftags&post=32080"}],"curies":[{"name":"wp","href":"https:\/\/api.w.org\/{rel}","templated":true}]}}