{"id":32085,"date":"2021-09-16T07:45:20","date_gmt":"2021-09-16T12:45:20","guid":{"rendered":"http:\/\/www.zonaroja.com.mx\/?p=32085"},"modified":"2021-09-16T07:47:49","modified_gmt":"2021-09-16T12:47:49","slug":"el-covid-comienza-a-dar-tregua-en-el-mundo-disminuyen-casos","status":"publish","type":"post","link":"https:\/\/zonaroja.com.mx\/?p=32085","title":{"rendered":"El Covid comienza a dar tregua en el mundo; disminuyen casos"},"content":{"rendered":"\n<p>Redacci\u00f3n\/Zona Roja Cdmx.<\/p>\n\n\n\n<p>Ciudad de M\u00e9xico, 16 de septiembre de 2021.- La semana pasada se reportaron unos cuatro millones de contagios de coronavirus en todo el mundo, seg\u00fan la Organizaci\u00f3n Mundial de la Salud (OMS), el primer descenso importante en los casos nuevos en m\u00e1s de dos meses.<\/p>\n\n\n\n<p>En las \u00faltimas semanas se han registrado unos 4.4 millones de nuevos casos de Covid-19.<\/p>\n\n\n\n<p>Todas las regiones del mundo vieron un descenso de contagios en comparaci\u00f3n con la semana anterior, seg\u00fan dijo la agencia de salud de Naciones Unidas en su actualizaci\u00f3n semanal dada a conocer el martes.<\/p>\n\n\n\n<p>Aunque el n\u00famero global de muertes cay\u00f3 a unas 62 mil, con el mayor declive en el sureste asi\u00e1tico, hubo un aumento de 7 por ciento en las muertes en \u00c1frica.<\/p>\n\n\n\n<p>Las cifras m\u00e1s altas de casos se contabilizaron en Estados Unidos, Gran Breta\u00f1a, India, Ir\u00e1n y Turqu\u00eda, mientras que la variante Delta del Covid-19 ya tiene presencia en 180 pa\u00edses.<\/p>\n\n\n\n<p>Los ni\u00f1os y adolescentes siguen vi\u00e9ndose menos afectados por el Covid-19 que los adultos, se\u00f1al\u00f3 la organizaci\u00f3n. Las muertes de menores de 24 a\u00f1os por la enfermedad suponen menos de 0.5 por ciento de las muertes globales.<\/p>\n\n\n\n<p>La OMS hab\u00eda dicho antes que no deber\u00eda priorizarse la vacunaci\u00f3n de ni\u00f1os contra el Covid-19 dado la extrema escasez de vacunas en el mundo.<\/p>\n\n\n\n<p>(Informaci\u00f3n de \u00abEl Financiero\u00bb)<\/p>\n","protected":false},"excerpt":{"rendered":"<p>Redacci\u00f3n\/Zona Roja Cdmx. Ciudad de M\u00e9xico, 16 de septiembre de 2021.- La semana pasada se&hellip;<\/p>\n","protected":false},"author":2,"featured_media":13947,"comment_status":"closed","ping_status":"open","sticky":false,"template":"","format":"standard","meta":{"_lmt_disableupdate":"","_lmt_disable":"","_jetpack_memberships_contains_paid_content":false,"footnotes":""},"categories":[109,47],"tags":[1510],"class_list":["post-32085","post","type-post","status-publish","format-standard","has-post-thumbnail","hentry","category-minuto-a-minuto","category-zona-gris","tag-coronavirus-pandemia-global"],"jetpack_featured_media_url":"https:\/\/zonaroja.com.mx\/wp-content\/uploads\/2020\/06\/Coronavirus-mundo.jpg","jetpack_sharing_enabled":true,"_links":{"self":[{"href":"https:\/\/zonaroja.com.mx\/index.php?rest_route=\/wp\/v2\/posts\/32085","targetHints":{"allow":["GET"]}}],"collection":[{"href":"https:\/\/zonaroja.com.mx\/index.php?rest_route=\/wp\/v2\/posts"}],"about":[{"href":"https:\/\/zonaroja.com.mx\/index.php?rest_route=\/wp\/v2\/types\/post"}],"author":[{"embeddable":true,"href":"https:\/\/zonaroja.com.mx\/index.php?rest_route=\/wp\/v2\/users\/2"}],"replies":[{"embeddable":true,"href":"https:\/\/zonaroja.com.mx\/index.php?rest_route=%2Fwp%2Fv2%2Fcomments&post=32085"}],"version-history":[{"count":2,"href":"https:\/\/zonaroja.com.mx\/index.php?rest_route=\/wp\/v2\/posts\/32085\/revisions"}],"predecessor-version":[{"id":32087,"href":"https:\/\/zonaroja.com.mx\/index.php?rest_route=\/wp\/v2\/posts\/32085\/revisions\/32087"}],"wp:featuredmedia":[{"embeddable":true,"href":"https:\/\/zonaroja.com.mx\/index.php?rest_route=\/wp\/v2\/media\/13947"}],"wp:attachment":[{"href":"https:\/\/zonaroja.com.mx\/index.php?rest_route=%2Fwp%2Fv2%2Fmedia&parent=32085"}],"wp:term":[{"taxonomy":"category","embeddable":true,"href":"https:\/\/zonaroja.com.mx\/index.php?rest_route=%2Fwp%2Fv2%2Fcategories&post=32085"},{"taxonomy":"post_tag","embeddable":true,"href":"https:\/\/zonaroja.com.mx\/index.php?rest_route=%2Fwp%2Fv2%2Ftags&post=32085"}],"curies":[{"name":"wp","href":"https:\/\/api.w.org\/{rel}","templated":true}]}}