{"id":32088,"date":"2021-09-16T08:27:11","date_gmt":"2021-09-16T13:27:11","guid":{"rendered":"http:\/\/www.zonaroja.com.mx\/?p=32088"},"modified":"2021-09-16T08:27:15","modified_gmt":"2021-09-16T13:27:15","slug":"tras-amparo-obligan-a-bienestar-a-vacunar-a-menores-de-edad-en-oaxaca","status":"publish","type":"post","link":"https:\/\/zonaroja.com.mx\/?p=32088","title":{"rendered":"Tras amparo, obligan a Bienestar a vacunar a menores de edad en Oaxaca"},"content":{"rendered":"\n<p>Ismael Garc\u00eda M.\/Zona Roja.<\/p>\n\n\n\n<p>Oaxaca de Ju\u00e1rez, Oax., 16 de septiembre de 2021.- Con dos d\u00edas de retraso y luego de un juicio de amparo, este viernes se vacunar\u00e1n contra el Covid-19 a al menos 27 menores de 12 a 17 a\u00f1os de edad.<\/p>\n\n\n\n<p>Sin embargo, ser\u00e1 con restricciones impuestas por la Delegaci\u00f3n Bienestar en Oaxaca en que se aplicar\u00e1 el biol\u00f3gico este viernes, a partir de las 11:00 horas, en el hospital militar ubicado en la XXVIII Zona Militar de Santa Mar\u00eda Ixcotel, Oaxaca.<\/p>\n\n\n\n<p>La abogada oaxaque\u00f1a que interpuso los amparos, Alma Franco, inform\u00f3 v\u00eda redes sociales que el gobierno federal tard\u00f3 una semana en la ejecuci\u00f3n de una orden judicial.<\/p>\n\n\n\n<p>Fue hasta el martes 14 de septiembre en que la delegada de Bienestar, Nancy Ortiz Cabrera, inform\u00f3 por escrito al Juzgado Cuarto de Distrito sobre la aplicaci\u00f3n del inmunol\u00f3gico a su hijo y otros menores de edad m\u00e1s, cuyo n\u00famero preciso no se ha confirmado.<\/p>\n\n\n\n<p>Debi\u00f3 aplicarse ayer mi\u00e9rcoles, no obstante, por causas a\u00fan no justificadas, se aplaz\u00f3 para ma\u00f1ana mi\u00e9rcoles.<\/p>\n\n\n\n<p>De acuerdo con la Asociaci\u00f3n Nacional de Magistrados de Circuito y Jueces de Distrito del Poder Judicial de la Federaci\u00f3n, a la fecha se conocen al menos 262 suspensiones para que menores de edad sean vacunados contra el Covid-19; no obstante, ha habido resistencia de las autoridades en matera de salud.<\/p>\n","protected":false},"excerpt":{"rendered":"<p>Ismael Garc\u00eda M.\/Zona Roja. Oaxaca de Ju\u00e1rez, Oax., 16 de septiembre de 2021.- Con dos&hellip;<\/p>\n","protected":false},"author":2,"featured_media":21639,"comment_status":"closed","ping_status":"open","sticky":false,"template":"","format":"standard","meta":{"_lmt_disableupdate":"","_lmt_disable":"","_jetpack_memberships_contains_paid_content":false,"footnotes":""},"categories":[109,47],"tags":[1512],"class_list":["post-32088","post","type-post","status-publish","format-standard","has-post-thumbnail","hentry","category-minuto-a-minuto","category-zona-gris","tag-coronavirus-oaxaca"],"jetpack_featured_media_url":"https:\/\/zonaroja.com.mx\/wp-content\/uploads\/2020\/12\/Vacuna-anticovid.jpg","jetpack_sharing_enabled":true,"_links":{"self":[{"href":"https:\/\/zonaroja.com.mx\/index.php?rest_route=\/wp\/v2\/posts\/32088","targetHints":{"allow":["GET"]}}],"collection":[{"href":"https:\/\/zonaroja.com.mx\/index.php?rest_route=\/wp\/v2\/posts"}],"about":[{"href":"https:\/\/zonaroja.com.mx\/index.php?rest_route=\/wp\/v2\/types\/post"}],"author":[{"embeddable":true,"href":"https:\/\/zonaroja.com.mx\/index.php?rest_route=\/wp\/v2\/users\/2"}],"replies":[{"embeddable":true,"href":"https:\/\/zonaroja.com.mx\/index.php?rest_route=%2Fwp%2Fv2%2Fcomments&post=32088"}],"version-history":[{"count":1,"href":"https:\/\/zonaroja.com.mx\/index.php?rest_route=\/wp\/v2\/posts\/32088\/revisions"}],"predecessor-version":[{"id":32089,"href":"https:\/\/zonaroja.com.mx\/index.php?rest_route=\/wp\/v2\/posts\/32088\/revisions\/32089"}],"wp:featuredmedia":[{"embeddable":true,"href":"https:\/\/zonaroja.com.mx\/index.php?rest_route=\/wp\/v2\/media\/21639"}],"wp:attachment":[{"href":"https:\/\/zonaroja.com.mx\/index.php?rest_route=%2Fwp%2Fv2%2Fmedia&parent=32088"}],"wp:term":[{"taxonomy":"category","embeddable":true,"href":"https:\/\/zonaroja.com.mx\/index.php?rest_route=%2Fwp%2Fv2%2Fcategories&post=32088"},{"taxonomy":"post_tag","embeddable":true,"href":"https:\/\/zonaroja.com.mx\/index.php?rest_route=%2Fwp%2Fv2%2Ftags&post=32088"}],"curies":[{"name":"wp","href":"https:\/\/api.w.org\/{rel}","templated":true}]}}