{"id":3209,"date":"2019-08-19T19:57:31","date_gmt":"2019-08-20T00:57:31","guid":{"rendered":"http:\/\/www.zonaroja.com.mx\/?p=3209"},"modified":"2019-08-19T19:57:34","modified_gmt":"2019-08-20T00:57:34","slug":"condena-inmujeres-asesinato-de-alcaldesa-en-oaxaca-exige-justicia","status":"publish","type":"post","link":"https:\/\/zonaroja.com.mx\/?p=3209","title":{"rendered":"Condena Inmujeres asesinato de alcaldesa en Oaxaca; exige justicia"},"content":{"rendered":"\n<p>Evlin Arag\u00f3n\/Zona Roja.<\/p>\n\n\n\n<p>Oaxaca de Ju\u00e1rez, Oax., 19 de agosto de\n2019.- El Instituto Nacional de las Mujeres (Inmujeres) conden\u00f3 en\u00e9rgicamente\nel asesinato de Carmen Parral Santos, alcaldesa del municipio de San Jos\u00e9\nEstancia Grande, Oaxaca, as\u00ed como la violencia de g\u00e9nero en cualquiera de sus\nexpresiones contra las mexicanas.<\/p>\n\n\n\n<p>Lo anterior luego de que el pasado\nviernes, la tambi\u00e9n profesora afiliada a la Secci\u00f3n 22 del SNTE fuera asesinada\na balazos al interior de una camioneta en la carretera federal 200, a la altura\nde la desviaci\u00f3n al poblado de El Fais\u00e1n, municipio de Villa de Tututepec de\nMelchor Ocampo, en compa\u00f1\u00eda de Hugo Castellanos, delegado regional de\nProtecci\u00f3n Civil estatal.<\/p>\n\n\n\n<p>La instancia federal encargada de la pol\u00edtica p\u00fablica a favor de lo mujeres, solicit\u00f3 al fiscal General, Rub\u00e9n Vasconcelos M\u00e9ndez, integrar la carpeta de investigaci\u00f3n con las causales de feminicidio y que el proceso se atienda estrictamente bajo lo establecido en el Modelo de Protocolo Latinoamericano de Investigaci\u00f3n de las Muertes Violentas de Mujeres por Razones de G\u00e9nero.<\/p>\n\n\n\n<figure class=\"wp-block-embed-twitter wp-block-embed is-type-rich is-provider-twitter\"><div class=\"wp-block-embed__wrapper\">\n<div class=\"twitter-tweet\"><blockquote class=\"twitter-tweet\" data-lang=\"es\"><p lang=\"es\" dir=\"ltr\">*Pronunciamiento del INMUJERES  por el asesinato de Carmen Parral Santos, Alcaldesa de San Jos\u00e9 Estancia Grande, Oaxaca. <br><br>Lamentablemente, la violencia contra las mujeres ha cobrado la vida en los \u00faltimos ocho meses de tres alcaldesas. <br><br>\ud83d\udc49\ud83c\udffd <a href=\"https:\/\/t.co\/7CpivDBWdk\">https:\/\/t.co\/7CpivDBWdk<\/a><\/p>&mdash; Inmujeres M\u00e9xico (@inmujeres) <a href=\"https:\/\/twitter.com\/inmujeres\/status\/1163122641470836736?ref_src=twsrc%5Etfw\">18 de agosto de 2019<\/a><\/blockquote><\/div>\n<\/div><\/figure>\n\n\n\n<p>Mediante un comunicado de prensa,\nrefiri\u00f3 que el asesinato de Carmen Parral es un llamado de atenci\u00f3n y claro\nejemplo de la urgente necesidad de reforzar y hacer efectivas las medidas de\nprotecci\u00f3n para las mujeres que viven alg\u00fan tipo de violencia, as\u00ed como las\nmedidas cautelares que abonen a garantizar la vida, seguridad y acceso a la\njusticia de las mujeres.<\/p>\n\n\n\n<p>Record\u00f3 que la violencia contra las\nmujeres ha cobrado la vida en los \u00faltimos ocho meses de tres alcaldesas:\nGabriela Kobel Lara de Ju\u00e1rez, Coahuila, Maricela Vallejo Orea de Mixtla de Altamirano,\nVeracruz y la propia Carmen Parra; as\u00ed como Beatriz Garc\u00eda Licona, s\u00edndica\nmunicipal de Jiutepec, Estado de M\u00e9xico.<\/p>\n\n\n\n<p>As\u00ed mismo, que en Oaxaca, en tan solo seis\nmeses se registraron 79 muertes violentas de mujeres de acuerdo a las cifras\ndel Secretariado Ejecutivo del Sistema Nacional de Seguridad P\u00fablica, lo que\nubica a la entidad en la posici\u00f3n n\u00famero nueve a nivel nacional.<\/p>\n\n\n\n<p>Mientras que las organizaciones\nsociales, como Consorcio Oaxaca, reportan 334 feminicidios en los que va de la\nadministraci\u00f3n de Alejandro Murat Hinojosa, 88 cometidos durante este 2019,\nsiendo Valles Centrales, Istmo y Costa las regiones m\u00e1s violentas para las\nmujeres.<\/p>\n","protected":false},"excerpt":{"rendered":"<p>Evlin Arag\u00f3n\/Zona Roja. Oaxaca de Ju\u00e1rez, Oax., 19 de agosto de 2019.- El Instituto Nacional&hellip;<\/p>\n","protected":false},"author":2,"featured_media":3167,"comment_status":"closed","ping_status":"open","sticky":false,"template":"","format":"standard","meta":{"_lmt_disableupdate":"","_lmt_disable":"","_jetpack_memberships_contains_paid_content":false,"footnotes":""},"categories":[109,51],"tags":[566,576],"class_list":["post-3209","post","type-post","status-publish","format-standard","has-post-thumbnail","hentry","category-minuto-a-minuto","category-zona-roja","tag-asesinan-a-presidenta-municipal-san-jose-estancia-grande","tag-carmela-parral-santos"],"jetpack_featured_media_url":"https:\/\/zonaroja.com.mx\/wp-content\/uploads\/2019\/08\/IMG_9330.jpg","jetpack_sharing_enabled":true,"_links":{"self":[{"href":"https:\/\/zonaroja.com.mx\/index.php?rest_route=\/wp\/v2\/posts\/3209","targetHints":{"allow":["GET"]}}],"collection":[{"href":"https:\/\/zonaroja.com.mx\/index.php?rest_route=\/wp\/v2\/posts"}],"about":[{"href":"https:\/\/zonaroja.com.mx\/index.php?rest_route=\/wp\/v2\/types\/post"}],"author":[{"embeddable":true,"href":"https:\/\/zonaroja.com.mx\/index.php?rest_route=\/wp\/v2\/users\/2"}],"replies":[{"embeddable":true,"href":"https:\/\/zonaroja.com.mx\/index.php?rest_route=%2Fwp%2Fv2%2Fcomments&post=3209"}],"version-history":[{"count":1,"href":"https:\/\/zonaroja.com.mx\/index.php?rest_route=\/wp\/v2\/posts\/3209\/revisions"}],"predecessor-version":[{"id":3210,"href":"https:\/\/zonaroja.com.mx\/index.php?rest_route=\/wp\/v2\/posts\/3209\/revisions\/3210"}],"wp:featuredmedia":[{"embeddable":true,"href":"https:\/\/zonaroja.com.mx\/index.php?rest_route=\/wp\/v2\/media\/3167"}],"wp:attachment":[{"href":"https:\/\/zonaroja.com.mx\/index.php?rest_route=%2Fwp%2Fv2%2Fmedia&parent=3209"}],"wp:term":[{"taxonomy":"category","embeddable":true,"href":"https:\/\/zonaroja.com.mx\/index.php?rest_route=%2Fwp%2Fv2%2Fcategories&post=3209"},{"taxonomy":"post_tag","embeddable":true,"href":"https:\/\/zonaroja.com.mx\/index.php?rest_route=%2Fwp%2Fv2%2Ftags&post=3209"}],"curies":[{"name":"wp","href":"https:\/\/api.w.org\/{rel}","templated":true}]}}