{"id":32090,"date":"2021-09-16T08:46:53","date_gmt":"2021-09-16T13:46:53","guid":{"rendered":"http:\/\/www.zonaroja.com.mx\/?p=32090"},"modified":"2021-09-16T08:46:57","modified_gmt":"2021-09-16T13:46:57","slug":"por-incumplir-con-obras-pide-congreso-renuncia-de-titular-de-sinfra","status":"publish","type":"post","link":"https:\/\/zonaroja.com.mx\/?p=32090","title":{"rendered":"Por incumplir con obras, pide Congreso renuncia de titular de Sinfra"},"content":{"rendered":"\n<p>Evlin Arag\u00f3n\/Zona Roja.<\/p>\n\n\n\n<p>Oaxaca de Ju\u00e1rez, Oax., 16 de septiembre de 2021.- Con 27 votos a favor, el Congreso de Estado de Oaxaca aprob\u00f3 un exhorto promovido por la fracci\u00f3n parlamentaria de Morena, para exigir la renuncia del titular de la Secretar\u00eda de las Infraestructuras y Ordenamiento Territorial (Sinfra), Javier Lazcano Vargas, por incumplir con expedientes y licitaciones de obras contemplada en la deuda que avalaron las y los diputados mediante el Decreto 809.<\/p>\n\n\n\n<p>En tribuna, la diputada Griselda Sosa V\u00e1squez solicit\u00f3 la aprobaci\u00f3n del exhorto al Gobernador del Estado, Alejando Murat Hinojosa, a fin de que separe del cargo al funcionario por no concluir en tiempo y forma la licitaci\u00f3n de la obra del Centro Cultural \u201c\u00c1lvaro Carrillo\u201d dado que su anticipo de 108 millones de pesos se encuentra generando intereses en la Secretar\u00eda de Finanzas desde el pasado seis de agosto.&nbsp;&nbsp;<\/p>\n\n\n\n<p>As\u00ed mismo por las irregularidades en la construcci\u00f3n Centro Cultural y de Convenciones de Oaxaca IV Etapa Santa Luc\u00eda del Camino; por no contar con la socializaci\u00f3n del proyecto ejecutivo del Centro de Congresos de Santa Mar\u00eda Huatulco, a m\u00e1s de un a\u00f1o de su autorizaci\u00f3n por el Comit\u00e9 Ejecutivo.&nbsp;<\/p>\n\n\n\n<p>Y, por si fuera poco, por el retraso que presenta Sinfra en la liberaci\u00f3n del derecho de v\u00eda correspondiente al Libramiento Sur poniendo en riesgo la ejecuci\u00f3n y las finanzas p\u00fablicas del estado de Oaxaca.<\/p>\n\n\n\n<figure class=\"wp-block-embed-twitter wp-block-embed is-type-rich is-provider-twitter\"><div class=\"wp-block-embed__wrapper\">\n<div class=\"twitter-tweet\"><blockquote class=\"twitter-tweet\" data-lang=\"es\"><p lang=\"es\" dir=\"ltr\"><a href=\"https:\/\/twitter.com\/hashtag\/%C3%9AltimoMinuto?src=hash&amp;ref_src=twsrc%5Etfw\">#\u00daltimoMinuto<\/a> <br>Con 27 votos, el <a href=\"https:\/\/twitter.com\/CongresoOaxLXIV?ref_src=twsrc%5Etfw\">@CongresoOaxLXIV<\/a> aprob\u00f3 un exhorto de la fracci\u00f3n de Morena, para exigir la renuncia del titular de <a href=\"https:\/\/twitter.com\/SINFRA_GobOax?ref_src=twsrc%5Etfw\">@SINFRA_GobOax<\/a>, <a href=\"https:\/\/twitter.com\/JavierLazcanoV?ref_src=twsrc%5Etfw\">@JavierLazcanoV<\/a>, por incumplir con expedientes y licitaciones de obras contempladas en deuda que avalaron los diputados. <a href=\"https:\/\/t.co\/dEDjkKfJXP\">pic.twitter.com\/dEDjkKfJXP<\/a><\/p>&mdash; Zona Roja Oaxaca (@Zona_Roja_Oax) <a href=\"https:\/\/twitter.com\/Zona_Roja_Oax\/status\/1438223907878842372?ref_src=twsrc%5Etfw\">15 de septiembre de 2021<\/a><\/blockquote><\/div>\n<\/div><\/figure>\n\n\n\n<p>La diputada morenista manifest\u00f3 que poco o nada se ha hecho en torno a las cinco obras m\u00e1s importantes para la administraci\u00f3n actual como son: la construcci\u00f3n del Centro Cultural \u00c1lvaro Carillo, la modernizaci\u00f3n de la avenida S\u00edmbolos Patrios; la Construcci\u00f3n del Centro Cultura y de Convenciones de Oaxaca en su cuarta etapa, el Centro de Congresos en Huatulco, y el Libramiento Sur, mismas que permanecen paradas pese a contar con el recurso autorizado.&nbsp;<\/p>\n\n\n\n<p>Detall\u00f3 que tan solo en la modernizaci\u00f3n de la avenida S\u00edmbolos Patrios, hace falta informaci\u00f3n y socializaci\u00f3n del proyecto ejecutivo, mismo que Javier Lazcano Vargas no ha compartido ni con los integrantes del Comit\u00e9 Ejecutor de Obra, situaci\u00f3n en la que tambi\u00e9n se encuentra el proyecto de la ampliaci\u00f3n del Centro de Convenciones en Santa Luc\u00eda del Camino.&nbsp;<\/p>\n\n\n\n<p>Mientras que la construcci\u00f3n del Centro de Congresos en Huatulco parece estar muy lejana ya que, aunque dicho comit\u00e9 autorizo su realizaci\u00f3n con un monto de 100 millones de pesos, desde mayo de 2020, hasta el d\u00eda de hoy no se sabe nada del inicio de la obra.&nbsp;<\/p>\n\n\n\n<p>\u201cAl titular de Sinfra se le olvida que le quedan 14 meses a la administraci\u00f3n para concluir con las obras. Se\u00f1or gobernador, el desinter\u00e9s mostrado por el secretario no abona nada a lo que usted quiere crear, construir y crecer en Oaxaca\u201d, sentenci\u00f3.&nbsp;<\/p>\n\n\n\n<p>Finalmente, Sosa V\u00e1squez calific\u00f3 de triste y gris el actuar del funcionario que ni siquiera estuvo presente en la D\u00e9cima Sesi\u00f3n Ordinaria del Comit\u00e9 Ejecutivo de Seguimiento a los Recursos Autorizados en el Decreto 809, con lo cual incumpli\u00f3 con su compromiso de proporcionar la informaci\u00f3n a detalle sobre los proyectos anteriormente mencionados.&nbsp;&nbsp;<\/p>\n","protected":false},"excerpt":{"rendered":"<p>Evlin Arag\u00f3n\/Zona Roja. Oaxaca de Ju\u00e1rez, Oax., 16 de septiembre de 2021.- Con 27 votos&hellip;<\/p>\n","protected":false},"author":2,"featured_media":32091,"comment_status":"closed","ping_status":"open","sticky":false,"template":"","format":"standard","meta":{"_lmt_disableupdate":"","_lmt_disable":"","_jetpack_memberships_contains_paid_content":false,"footnotes":""},"categories":[109,46],"tags":[213],"class_list":["post-32090","post","type-post","status-publish","format-standard","has-post-thumbnail","hentry","category-minuto-a-minuto","category-zona-blanca","tag-64-legislatura-de-oaxaca"],"jetpack_featured_media_url":"https:\/\/zonaroja.com.mx\/wp-content\/uploads\/2021\/09\/Obras-avenida-Simbolos-Patrios.jpg","jetpack_sharing_enabled":true,"_links":{"self":[{"href":"https:\/\/zonaroja.com.mx\/index.php?rest_route=\/wp\/v2\/posts\/32090","targetHints":{"allow":["GET"]}}],"collection":[{"href":"https:\/\/zonaroja.com.mx\/index.php?rest_route=\/wp\/v2\/posts"}],"about":[{"href":"https:\/\/zonaroja.com.mx\/index.php?rest_route=\/wp\/v2\/types\/post"}],"author":[{"embeddable":true,"href":"https:\/\/zonaroja.com.mx\/index.php?rest_route=\/wp\/v2\/users\/2"}],"replies":[{"embeddable":true,"href":"https:\/\/zonaroja.com.mx\/index.php?rest_route=%2Fwp%2Fv2%2Fcomments&post=32090"}],"version-history":[{"count":1,"href":"https:\/\/zonaroja.com.mx\/index.php?rest_route=\/wp\/v2\/posts\/32090\/revisions"}],"predecessor-version":[{"id":32092,"href":"https:\/\/zonaroja.com.mx\/index.php?rest_route=\/wp\/v2\/posts\/32090\/revisions\/32092"}],"wp:featuredmedia":[{"embeddable":true,"href":"https:\/\/zonaroja.com.mx\/index.php?rest_route=\/wp\/v2\/media\/32091"}],"wp:attachment":[{"href":"https:\/\/zonaroja.com.mx\/index.php?rest_route=%2Fwp%2Fv2%2Fmedia&parent=32090"}],"wp:term":[{"taxonomy":"category","embeddable":true,"href":"https:\/\/zonaroja.com.mx\/index.php?rest_route=%2Fwp%2Fv2%2Fcategories&post=32090"},{"taxonomy":"post_tag","embeddable":true,"href":"https:\/\/zonaroja.com.mx\/index.php?rest_route=%2Fwp%2Fv2%2Ftags&post=32090"}],"curies":[{"name":"wp","href":"https:\/\/api.w.org\/{rel}","templated":true}]}}