{"id":32093,"date":"2021-09-16T10:33:20","date_gmt":"2021-09-16T15:33:20","guid":{"rendered":"http:\/\/www.zonaroja.com.mx\/?p=32093"},"modified":"2021-09-16T10:40:03","modified_gmt":"2021-09-16T15:40:03","slug":"resienten-ninos-con-cancer-despidos-en-hospital-de-la-ninez-de-oaxaca","status":"publish","type":"post","link":"https:\/\/zonaroja.com.mx\/?p=32093","title":{"rendered":"Resienten ni\u00f1os con c\u00e1ncer despidos en Hospital de la Ni\u00f1ez de Oaxaca"},"content":{"rendered":"\n<p>Evlin Arag\u00f3n\/Zona Roja.<\/p>\n\n\n\n<p>Oaxaca de Ju\u00e1rez, Oax., 16 de septiembre de 2021.- \u201cSoy Ricardo Vargas Z\u00e1rate, paciente del Hospital de la Ni\u00f1ez Oaxaque\u00f1a. Tengo leucemia y llevo mi tratamiento en el hospital. Desde el 2018, hemos padecido la falta de quimioterapias y medicamentos hasta el d\u00eda de hoy se\u00f1or Presidente, pero esto es demasiado el despedir a nuestros m\u00e9dicos y enfermeras que nos atienden\u201d.<\/p>\n\n\n\n<p>Son las palabras de un peque\u00f1o que, valientemente, se enfrenta al c\u00e1ncer y mediante las redes sociales de la organizaci\u00f3n civil \u201cCon Causa\u201d manda un mensaje a las autoridades de gobierno, tras el anuncio del despido de personal m\u00e9dico, contratado en calidad de eventual en los Servicios de Salud de Oaxaca y adscrito al Hospital de la Ni\u00f1ez Oaxaque\u00f1a.<\/p>\n\n\n\n<p>\u201c\u00bfQu\u00e9 no comprenden que muchos de nosotros que estamos luchando con esta terrible enfermedad podemos morir por falta de nuestras quimioterapias y nuestros m\u00e9dicos?\u201d, se pregunta el peque\u00f1o Ricardo en un video que circularon este mi\u00e9rcoles.&nbsp;<\/p>\n\n\n\n<p>La exigencia de urgente atenci\u00f3n para ni\u00f1as y ni\u00f1os con c\u00e1ncer hizo eco en las redes sociales, diversos usuarios recordaron a las autoridades su promesa y obligaci\u00f3n con la ni\u00f1ez, tal y como lo hizo la pintora e ilustradora Viviana Hinojosa quien detall\u00f3 que nada hay que celebrar en un pa\u00eds que deja sin tratamiento a los ni\u00f1os m\u00e1s pobres.&nbsp;&nbsp;<\/p>\n\n\n\n<p>\u201cGobernador @alejandromurat, los ni\u00f1os del Hospital de la Ni\u00f1ez Oaxaque\u00f1a necesitan atenci\u00f3n integral y usted dio su palabra de proveerla. Hoy el hospital est\u00e1 colapsado y no hay respuesta. \u00bfVa a cumplir su promesa?\u201d, refiri\u00f3 en su cuenta de Twitter.\u00a0<\/p>\n\n\n\n<figure class=\"wp-block-embed-twitter wp-block-embed is-type-rich is-provider-twitter\"><div class=\"wp-block-embed__wrapper\">\n<div class=\"twitter-tweet\"><blockquote class=\"twitter-tweet\" data-lang=\"es\"><p lang=\"es\" dir=\"ltr\">\ud83d\ude14<br>2. Ricardo, uno de los pacientes con c\u00e1ncer del Hospital de la Ni\u00f1ez Oaxaque\u00f1a, pide a los <a href=\"https:\/\/twitter.com\/SSO_GobOax?ref_src=twsrc%5Etfw\">@SSO_GobOax<\/a> y al Presidente <a href=\"https:\/\/twitter.com\/lopezobrador_?ref_src=twsrc%5Etfw\">@lopezobrador_<\/a> que a la brevedad se brinde la atenci\u00f3n con quimioterapia, que desde hace muchos meses es deficiente o no tienen. <a href=\"https:\/\/t.co\/KVndO7GgAe\">pic.twitter.com\/KVndO7GgAe<\/a><\/p>&mdash; Zona Roja Oaxaca (@Zona_Roja_Oax) <a href=\"https:\/\/twitter.com\/Zona_Roja_Oax\/status\/1438527153658896384?ref_src=twsrc%5Etfw\">16 de septiembre de 2021<\/a><\/blockquote><\/div>\n<\/div><\/figure>\n\n\n\n<p>As\u00ed mismo cuestion\u00f3 que mientras L\u00f3pez Obrador se preocupa por un jarr\u00f3n de Maximiliano ofenda el esp\u00edritu de Ju\u00e1rez, ciento de ni\u00f1as y ni\u00f1os en Oaxaca quedaron sin atenci\u00f3n hospitalaria. \u201cEl Hospital de la Ni\u00f1ez Oaxaque\u00f1a que atiende a ni\u00f1os con c\u00e1ncer est\u00e1 colapsado, sin medicamentos, sin personal\u201d, dijo.&nbsp;<\/p>\n\n\n\n<p>Mientras que la Asociaci\u00f3n de M\u00e9dicos del Hospital de la Ni\u00f1ez Oaxaque\u00f1a solicitaron a la poblaci\u00f3n oaxaque\u00f1a unirse al reclamo y exigencia al gobierno estatal en primera instancia para que cumpla con el art\u00edculo cuarto constitucional que garantiza el derecho a la salud.&nbsp;<\/p>\n\n\n\n<p>Y es que explicaron que, debido al despido del personal eventual, previamente contratado por los Servicios de Salud, la plantilla al interior del nosocomio se vio afectada en un 30 por ciento, lo que repercute en la atenci\u00f3n de ni\u00f1as y ni\u00f1os con enfermedades complejas, la cual ya no se podr\u00e1 brindar.&nbsp;<\/p>\n\n\n\n<p>\u201cLa situaci\u00f3n actual es cr\u00edtica e incide en la atenci\u00f3n pedi\u00e1trica de los estratos m\u00e1s vulnerables de la sociedad, para quienes este hospital es una de las pocas opciones para recibir atenci\u00f3n m\u00e9dica especializada en nuestro estado y hacemos responsable al gobierno estatal por los da\u00f1os causado a la ni\u00f1ez oaxaque\u00f1a\u201d, sentenci\u00f3 la asociaci\u00f3n en un comunicado.&nbsp;<\/p>\n\n\n\n<p>Mientras tanto, este mi\u00e9rcoles 16 de septiembre, trabajadores del Hospital Civil \u201cDr. Aurelio Valdivieso\u201d y otros centros m\u00e9dicos, realizan una marcha de la fuente de las Ocho Regiones al centro de la capital, con bloqueo en la calzada H\u00e9roes de Chapultepec.<\/p>\n\n\n\n<figure class=\"wp-block-embed-twitter wp-block-embed is-type-rich is-provider-twitter\"><div class=\"wp-block-embed__wrapper\">\n<div class=\"twitter-tweet\"><blockquote class=\"twitter-tweet\" data-lang=\"es\"><p lang=\"es\" dir=\"ltr\"><a href=\"https:\/\/twitter.com\/hashtag\/%C3%9AltimoMinuto?src=hash&amp;ref_src=twsrc%5Etfw\">#\u00daltimoMinuto<\/a> <br>1. Esta es la denuncia de trabajadores por contrato del Hospital de la Ni\u00f1ez Oaxaque\u00f1a, que ayer fueron obligados a firmar el fin de su relaci\u00f3n laboral,a pesar de pertenecer al \u00e1rea de m\u00e9dicos y enfermeras;el nosocomio que atiende a menores tambi\u00e9n est\u00e1 en crisis. <a href=\"https:\/\/t.co\/5u8hWS60l7\">pic.twitter.com\/5u8hWS60l7<\/a><\/p>&mdash; Zona Roja Oaxaca (@Zona_Roja_Oax) <a href=\"https:\/\/twitter.com\/Zona_Roja_Oax\/status\/1438525168524083202?ref_src=twsrc%5Etfw\">16 de septiembre de 2021<\/a><\/blockquote><\/div>\n<\/div><\/figure>\n","protected":false},"excerpt":{"rendered":"<p>Evlin Arag\u00f3n\/Zona Roja. Oaxaca de Ju\u00e1rez, Oax., 16 de septiembre de 2021.- \u201cSoy Ricardo Vargas&hellip;<\/p>\n","protected":false},"author":2,"featured_media":32094,"comment_status":"closed","ping_status":"open","sticky":false,"template":"","format":"standard","meta":{"_lmt_disableupdate":"","_lmt_disable":"","_jetpack_memberships_contains_paid_content":false,"footnotes":""},"categories":[109,47],"tags":[318],"class_list":["post-32093","post","type-post","status-publish","format-standard","has-post-thumbnail","hentry","category-minuto-a-minuto","category-zona-gris","tag-hospital-de-la-ninez-oaxaquena"],"jetpack_featured_media_url":"https:\/\/zonaroja.com.mx\/wp-content\/uploads\/2021\/09\/Ninos-cancer-Oaxaca-Hospital-Ninez.jpg","jetpack_sharing_enabled":true,"_links":{"self":[{"href":"https:\/\/zonaroja.com.mx\/index.php?rest_route=\/wp\/v2\/posts\/32093","targetHints":{"allow":["GET"]}}],"collection":[{"href":"https:\/\/zonaroja.com.mx\/index.php?rest_route=\/wp\/v2\/posts"}],"about":[{"href":"https:\/\/zonaroja.com.mx\/index.php?rest_route=\/wp\/v2\/types\/post"}],"author":[{"embeddable":true,"href":"https:\/\/zonaroja.com.mx\/index.php?rest_route=\/wp\/v2\/users\/2"}],"replies":[{"embeddable":true,"href":"https:\/\/zonaroja.com.mx\/index.php?rest_route=%2Fwp%2Fv2%2Fcomments&post=32093"}],"version-history":[{"count":2,"href":"https:\/\/zonaroja.com.mx\/index.php?rest_route=\/wp\/v2\/posts\/32093\/revisions"}],"predecessor-version":[{"id":32097,"href":"https:\/\/zonaroja.com.mx\/index.php?rest_route=\/wp\/v2\/posts\/32093\/revisions\/32097"}],"wp:featuredmedia":[{"embeddable":true,"href":"https:\/\/zonaroja.com.mx\/index.php?rest_route=\/wp\/v2\/media\/32094"}],"wp:attachment":[{"href":"https:\/\/zonaroja.com.mx\/index.php?rest_route=%2Fwp%2Fv2%2Fmedia&parent=32093"}],"wp:term":[{"taxonomy":"category","embeddable":true,"href":"https:\/\/zonaroja.com.mx\/index.php?rest_route=%2Fwp%2Fv2%2Fcategories&post=32093"},{"taxonomy":"post_tag","embeddable":true,"href":"https:\/\/zonaroja.com.mx\/index.php?rest_route=%2Fwp%2Fv2%2Ftags&post=32093"}],"curies":[{"name":"wp","href":"https:\/\/api.w.org\/{rel}","templated":true}]}}