{"id":32105,"date":"2021-09-16T14:50:27","date_gmt":"2021-09-16T19:50:27","guid":{"rendered":"http:\/\/www.zonaroja.com.mx\/?p=32105"},"modified":"2021-09-16T14:50:32","modified_gmt":"2021-09-16T19:50:32","slug":"tribunal-colegiado-otorga-nueva-suspension-contra-derribo-de-arboles-en-simbolos-patrios","status":"publish","type":"post","link":"https:\/\/zonaroja.com.mx\/?p=32105","title":{"rendered":"Tribunal Colegiado otorga nueva suspensi\u00f3n contra derribo de \u00e1rboles en S\u00edmbolos Patrios"},"content":{"rendered":"\n<p>Redacci\u00f3n\/Estado 20.<\/p>\n\n\n\n<p>Oaxaca de Ju\u00e1rez, Oax., 16 de septiembre de 2021.- El Primer Tribunal Colegiado en Materia Civil y Administrativa del Decimoprimer Circuito concedi\u00f3 una nueva suspensi\u00f3n provisional contra el derribo de \u00e1rboles y da\u00f1os al ecosistema por las obras de ampliaci\u00f3n a ocho carriles de la avenida S\u00edmbolos Patrios, al sur de la ciudad de Oaxaca.<\/p>\n\n\n\n<p>Al resolver un recurso de queja interpuesto por un grupo de ambientalistas, el Tribunal Colegiado dej\u00f3 sin efecto una decisi\u00f3n emitida previamente por un juez de distrito, que se neg\u00f3 a suspender el proyecto por medio del cual se pretenden talar m\u00e1s de mil \u00e1rboles.<\/p>\n\n\n\n<p>En su resoluci\u00f3n, el Tribunal Colegiado indic\u00f3 que los trabajos del proyecto denominado Ampliaci\u00f3n y Modernizaci\u00f3n de la carretera troncal 175 del kil\u00f3metro uno al kil\u00f3metro tres, causar\u00e1n un da\u00f1o inminente a la esfera jur\u00eddica, pues de llegar a ejecutarse el derribo de los \u00e1rboles esto desembocar\u00eda en perjuicios de dif\u00edcil reparaci\u00f3n no solo para la quejosa sino tambi\u00e9n para el medio ambiente.<\/p>\n\n\n\n<p>La determinaci\u00f3n indica, sin embargo, que la orden emitida por el Tribunal Colegiado \u00fanicamente radica en el hecho de suspender la orden del derribo de \u00e1rboles, por lo que los otros tipos de trabajo pueden seguirse realizando.<\/p>\n\n\n\n<p>Esta suspensi\u00f3n provisional se dio a dos semanas despu\u00e9s de que un juez de distrito concedi\u00f3 otra suspensi\u00f3n provisional contra el derribo de \u00e1rboles en s\u00edmbolos patrios.<\/p>\n\n\n\n<p>En este \u00faltimo caso, La Secretar\u00eda de las Infraestructuras (Sinfra) decidi\u00f3 interponer un recurso de inconformidad ante un tribunal colegiado para echar abajo esa resoluci\u00f3n.<\/p>\n","protected":false},"excerpt":{"rendered":"<p>Redacci\u00f3n\/Estado 20. Oaxaca de Ju\u00e1rez, Oax., 16 de septiembre de 2021.- El Primer Tribunal Colegiado&hellip;<\/p>\n","protected":false},"author":2,"featured_media":32106,"comment_status":"closed","ping_status":"open","sticky":false,"template":"","format":"standard","meta":{"_lmt_disableupdate":"","_lmt_disable":"","_jetpack_memberships_contains_paid_content":false,"footnotes":""},"categories":[109,47],"tags":[2841],"class_list":["post-32105","post","type-post","status-publish","format-standard","has-post-thumbnail","hentry","category-minuto-a-minuto","category-zona-gris","tag-obras-avenida-simbolos-patrios-oaxaca"],"jetpack_featured_media_url":"https:\/\/zonaroja.com.mx\/wp-content\/uploads\/2021\/09\/Obras-avenida-Simbolos-Patrios-Oax.jpg","jetpack_sharing_enabled":true,"_links":{"self":[{"href":"https:\/\/zonaroja.com.mx\/index.php?rest_route=\/wp\/v2\/posts\/32105","targetHints":{"allow":["GET"]}}],"collection":[{"href":"https:\/\/zonaroja.com.mx\/index.php?rest_route=\/wp\/v2\/posts"}],"about":[{"href":"https:\/\/zonaroja.com.mx\/index.php?rest_route=\/wp\/v2\/types\/post"}],"author":[{"embeddable":true,"href":"https:\/\/zonaroja.com.mx\/index.php?rest_route=\/wp\/v2\/users\/2"}],"replies":[{"embeddable":true,"href":"https:\/\/zonaroja.com.mx\/index.php?rest_route=%2Fwp%2Fv2%2Fcomments&post=32105"}],"version-history":[{"count":1,"href":"https:\/\/zonaroja.com.mx\/index.php?rest_route=\/wp\/v2\/posts\/32105\/revisions"}],"predecessor-version":[{"id":32107,"href":"https:\/\/zonaroja.com.mx\/index.php?rest_route=\/wp\/v2\/posts\/32105\/revisions\/32107"}],"wp:featuredmedia":[{"embeddable":true,"href":"https:\/\/zonaroja.com.mx\/index.php?rest_route=\/wp\/v2\/media\/32106"}],"wp:attachment":[{"href":"https:\/\/zonaroja.com.mx\/index.php?rest_route=%2Fwp%2Fv2%2Fmedia&parent=32105"}],"wp:term":[{"taxonomy":"category","embeddable":true,"href":"https:\/\/zonaroja.com.mx\/index.php?rest_route=%2Fwp%2Fv2%2Fcategories&post=32105"},{"taxonomy":"post_tag","embeddable":true,"href":"https:\/\/zonaroja.com.mx\/index.php?rest_route=%2Fwp%2Fv2%2Ftags&post=32105"}],"curies":[{"name":"wp","href":"https:\/\/api.w.org\/{rel}","templated":true}]}}