{"id":3211,"date":"2019-08-19T21:06:23","date_gmt":"2019-08-20T02:06:23","guid":{"rendered":"http:\/\/www.zonaroja.com.mx\/?p=3211"},"modified":"2019-08-19T21:06:26","modified_gmt":"2019-08-20T02:06:26","slug":"ademas-de-generar-contaminacion-ahora-muere-obrero-en-mina-de-san-jose-del-progreso","status":"publish","type":"post","link":"https:\/\/zonaroja.com.mx\/?p=3211","title":{"rendered":"Adem\u00e1s, de generar contaminaci\u00f3n, ahora muere obrero en mina de San Jos\u00e9 del Progreso"},"content":{"rendered":"\n<p>Redacci\u00f3n<\/p>\n\n\n\n<p>Oaxaca de Ju\u00e1rez, Oax., 19 de agosto de\n2019.- Acusada por zapotecas del distrito de Ocotl\u00e1n por generar contaminaci\u00f3n\nen acu\u00edferos de la zona, en la mina ubicada en San Jos\u00e9 del Progreso, Ocotl\u00e1n, muri\u00f3\neste domingo una persona, sin precisar las causas.<\/p>\n\n\n\n<p>\u00abEl accidente involucr\u00f3 una\nexcavadora operando bajo tierra, y la persona fallecida fue el conductor. No\nhubo m\u00e1s lesionados relacionados con el accidente\u201d, dijo en un comunicado\nfirmado por la compa\u00f1\u00eda Fortuna Mines Silver, de Canad\u00e1.<\/p>\n\n\n\n<p>Precis\u00f3 que el Ministerio P\u00fablico de la\nFiscal\u00eda General del Estado y dem\u00e1s autoridades federales, estatales y\nmunicipales respectivas, fueron notificadas del accidente.<\/p>\n\n\n\n<p>\u201cFortuna Silver Mines Inc. Lamenta profundamente\ninformar que un accidente fatal que involucr\u00f3 a un empleado del contratista ocurri\u00f3\nel 18 de agosto de 2019 en la mina de San Jos\u00e9, ubicada en Oaxaca, M\u00e9xico\u201d,\nindic\u00f3 en el documento fechado hoy en Vancouver, Canad\u00e1.<\/p>\n\n\n\n<p>\u201cNo hubo otras lesiones relacionadas\ncon el accidente. Las autoridades locales y gubernamentales correspondientes\nfueron notificadas de inmediato y se inici\u00f3 la investigaci\u00f3n para determinar\nlas causas.<\/p>\n\n\n\n<p>\u201cLas operaciones en el \u00e1rea del\naccidente se suspendieron temporalmente y la mina se detendr\u00e1 por un d\u00eda por\nseguridad\u201d, expuso. Jorge A. Ganoza, presidente y CEO de Fortuna Silver Minez, expres\u00f3\nsu pesar en el comunicado:<\/p>\n\n\n\n<p>\u00abEstamos profundamente tristes por\neste tr\u00e1gico accidente en nuestra mina, y nuestros pensamientos est\u00e1n con la\nfamilia, amigos y compa\u00f1eros de trabajo de nuestro colega, a quienes estamos\nofreciendo nuestro apoyo en este momento dif\u00edcil\u201d. <\/p>\n\n\n\n<p>Dicha mina, ubicada a unos 40\nkil\u00f3metros al sur de la capital, ha tenido constantes manifestaciones por parte\nde pobladores de San Jos\u00e9 del Progreso y otras comunidades del distrito de Ocotl\u00e1n,\nquienes han reiterado en diversas ocasiones que genera contaminaci\u00f3n para los\nr\u00edos y arroyos, as\u00ed como a los mantos fre\u00e1ticos.<\/p>\n\n\n\n<p>Ha sido escenario tambi\u00e9n de hechos\nviolentos y homicidios por las protestas de antimineros.<\/p>\n","protected":false},"excerpt":{"rendered":"<p>Redacci\u00f3n Oaxaca de Ju\u00e1rez, Oax., 19 de agosto de 2019.- Acusada por zapotecas del distrito&hellip;<\/p>\n","protected":false},"author":2,"featured_media":3212,"comment_status":"closed","ping_status":"open","sticky":false,"template":"","format":"standard","meta":{"_lmt_disableupdate":"","_lmt_disable":"","_jetpack_memberships_contains_paid_content":false,"footnotes":""},"categories":[109,47],"tags":[577,578],"class_list":["post-3211","post","type-post","status-publish","format-standard","has-post-thumbnail","hentry","category-minuto-a-minuto","category-zona-gris","tag-fortuna-silver-mines","tag-san-jose-del-progreso"],"jetpack_featured_media_url":"https:\/\/zonaroja.com.mx\/wp-content\/uploads\/2019\/08\/Minera-San-Jos\u00e9.jpg","jetpack_sharing_enabled":true,"_links":{"self":[{"href":"https:\/\/zonaroja.com.mx\/index.php?rest_route=\/wp\/v2\/posts\/3211","targetHints":{"allow":["GET"]}}],"collection":[{"href":"https:\/\/zonaroja.com.mx\/index.php?rest_route=\/wp\/v2\/posts"}],"about":[{"href":"https:\/\/zonaroja.com.mx\/index.php?rest_route=\/wp\/v2\/types\/post"}],"author":[{"embeddable":true,"href":"https:\/\/zonaroja.com.mx\/index.php?rest_route=\/wp\/v2\/users\/2"}],"replies":[{"embeddable":true,"href":"https:\/\/zonaroja.com.mx\/index.php?rest_route=%2Fwp%2Fv2%2Fcomments&post=3211"}],"version-history":[{"count":1,"href":"https:\/\/zonaroja.com.mx\/index.php?rest_route=\/wp\/v2\/posts\/3211\/revisions"}],"predecessor-version":[{"id":3213,"href":"https:\/\/zonaroja.com.mx\/index.php?rest_route=\/wp\/v2\/posts\/3211\/revisions\/3213"}],"wp:featuredmedia":[{"embeddable":true,"href":"https:\/\/zonaroja.com.mx\/index.php?rest_route=\/wp\/v2\/media\/3212"}],"wp:attachment":[{"href":"https:\/\/zonaroja.com.mx\/index.php?rest_route=%2Fwp%2Fv2%2Fmedia&parent=3211"}],"wp:term":[{"taxonomy":"category","embeddable":true,"href":"https:\/\/zonaroja.com.mx\/index.php?rest_route=%2Fwp%2Fv2%2Fcategories&post=3211"},{"taxonomy":"post_tag","embeddable":true,"href":"https:\/\/zonaroja.com.mx\/index.php?rest_route=%2Fwp%2Fv2%2Ftags&post=3211"}],"curies":[{"name":"wp","href":"https:\/\/api.w.org\/{rel}","templated":true}]}}