{"id":32111,"date":"2021-09-16T14:55:24","date_gmt":"2021-09-16T19:55:24","guid":{"rendered":"http:\/\/www.zonaroja.com.mx\/?p=32111"},"modified":"2021-09-16T14:55:26","modified_gmt":"2021-09-16T19:55:26","slug":"piden-a-fiscalia-de-oaxaca-evitar-persecucion-por-consigna","status":"publish","type":"post","link":"https:\/\/zonaroja.com.mx\/?p=32111","title":{"rendered":"Piden a Fiscal\u00eda de Oaxaca evitar persecuci\u00f3n por consigna&nbsp;&nbsp;"},"content":{"rendered":"\n<p>Evlin Arag\u00f3n\/Zona Roja.<\/p>\n\n\n\n<p>Oaxaca de Ju\u00e1rez, Oax., 16 de septiembre de 2021.- El diputado local por Morena, C\u00e9sar Morales Ni\u00f1o, propuso un exhorto al fiscal General de Oaxaca, Arturo Peimbert Calvo, para que la instancia a su cargo evite utilizarse como medio de persecuci\u00f3n, hostigamiento, presi\u00f3n o intimidaci\u00f3n hac\u00eda integrantes del Tribunal Superior de Justicia.&nbsp;<\/p>\n\n\n\n<p>Lo anterior ante el reciente caso en el que la Fiscal\u00eda General de la Rep\u00fablica (FGR), inform\u00f3 por medio del titular de la Fiscal\u00eda Especializada de Control Regional, que en esa dependencia hab\u00eda una carpeta de investigaci\u00f3n contra una magistrada y magistrados del Tribunal de Oaxaca.&nbsp;<\/p>\n\n\n\n<p>La propuesta presentada por el legislador y que fue remitida a comisiones, pone de manifiesto que, en esta nueva etapa de la Fiscal\u00eda, la dependencia debe evitar las viejas pr\u00e1cticas del pasado, donde las Procuradur\u00edas de Justicia eran instrumentos de persecuci\u00f3n, intimidaci\u00f3n y acorralamiento de opositores al r\u00e9gimen o a aquellos que quer\u00edan ejercer sus derechos y que incomodaban al Gobierno.<\/p>\n\n\n\n<p>\u201cNo se puede utilizar a las instituciones del Estado para amagar, amenazar, excluir, intimidar, influenciar, o inhabilitar a cualquier persona que aspire a competir por el cargo de una magistratura o aquellas que busquen la ratificaci\u00f3n en el cargo\u201d, dijo en tribuna.&nbsp;<\/p>\n\n\n\n<p>Morales Ni\u00f1o indic\u00f3 que ha sido la propia magistrada y magistrados oaxaque\u00f1os acusados de contar con nombramientos vencidos, quienes denunciaron que se les pretende intimidar por medio de la Fiscal\u00eda de Oaxaca para que ya no participen en el proceso de ratificaci\u00f3n del cargo, y que se les han abierto carpetas de investigaci\u00f3n por consigna.<\/p>\n\n\n\n<p>Lo anterior dijo, de ser comprobado, pondr\u00eda al descubierto el tr\u00e1fico y fuga de informaci\u00f3n en la Fiscal\u00eda, que viola el debido proceso, y el uso faccioso de las instituciones, situaci\u00f3n que debe ser investigada al interior de la dependencia encargada de procurar justicia.&nbsp;<\/p>\n\n\n\n<p>El legislador detall\u00f3 que el punto de acuerdo presentado no pretende hacer acusaciones ni defensas directas, por el contrario, busca visibilizar la actual crisis institucional por la falta de certeza en el nombramiento y ratificaci\u00f3n de magistraturas.&nbsp;<\/p>\n\n\n\n<p>\u201cEste punto de acuerdo no busca proteger a nadie, no busca excluir responsabilidades, no busca evitar alguna investigaci\u00f3n, su prop\u00f3sito es que las instituciones no se usen en forma facciosa al servicio del Poder Ejecutivo, ni en perjuicio de ninguna persona que aspire a ser magistrado, magistrada o la ratificaci\u00f3n en el cargo\u201d, sentenci\u00f3.&nbsp;<\/p>\n\n\n\n<p>Finalmente, manifest\u00f3 que en la actualidad la sociedad oaxaque\u00f1a merece y necesita una Fiscal\u00eda fuerte, aut\u00f3noma y que cumpla con su labor social, no que persiga por consiga.<\/p>\n","protected":false},"excerpt":{"rendered":"<p>Evlin Arag\u00f3n\/Zona Roja. Oaxaca de Ju\u00e1rez, Oax., 16 de septiembre de 2021.- El diputado local&hellip;<\/p>\n","protected":false},"author":2,"featured_media":32112,"comment_status":"closed","ping_status":"open","sticky":false,"template":"","format":"standard","meta":{"_lmt_disableupdate":"","_lmt_disable":"","_jetpack_memberships_contains_paid_content":false,"footnotes":""},"categories":[109,47],"tags":[612],"class_list":["post-32111","post","type-post","status-publish","format-standard","has-post-thumbnail","hentry","category-minuto-a-minuto","category-zona-gris","tag-cesar-morales-nino"],"jetpack_featured_media_url":"https:\/\/zonaroja.com.mx\/wp-content\/uploads\/2021\/09\/Cesar-Morales-2.jpg","jetpack_sharing_enabled":true,"_links":{"self":[{"href":"https:\/\/zonaroja.com.mx\/index.php?rest_route=\/wp\/v2\/posts\/32111","targetHints":{"allow":["GET"]}}],"collection":[{"href":"https:\/\/zonaroja.com.mx\/index.php?rest_route=\/wp\/v2\/posts"}],"about":[{"href":"https:\/\/zonaroja.com.mx\/index.php?rest_route=\/wp\/v2\/types\/post"}],"author":[{"embeddable":true,"href":"https:\/\/zonaroja.com.mx\/index.php?rest_route=\/wp\/v2\/users\/2"}],"replies":[{"embeddable":true,"href":"https:\/\/zonaroja.com.mx\/index.php?rest_route=%2Fwp%2Fv2%2Fcomments&post=32111"}],"version-history":[{"count":1,"href":"https:\/\/zonaroja.com.mx\/index.php?rest_route=\/wp\/v2\/posts\/32111\/revisions"}],"predecessor-version":[{"id":32113,"href":"https:\/\/zonaroja.com.mx\/index.php?rest_route=\/wp\/v2\/posts\/32111\/revisions\/32113"}],"wp:featuredmedia":[{"embeddable":true,"href":"https:\/\/zonaroja.com.mx\/index.php?rest_route=\/wp\/v2\/media\/32112"}],"wp:attachment":[{"href":"https:\/\/zonaroja.com.mx\/index.php?rest_route=%2Fwp%2Fv2%2Fmedia&parent=32111"}],"wp:term":[{"taxonomy":"category","embeddable":true,"href":"https:\/\/zonaroja.com.mx\/index.php?rest_route=%2Fwp%2Fv2%2Fcategories&post=32111"},{"taxonomy":"post_tag","embeddable":true,"href":"https:\/\/zonaroja.com.mx\/index.php?rest_route=%2Fwp%2Fv2%2Ftags&post=32111"}],"curies":[{"name":"wp","href":"https:\/\/api.w.org\/{rel}","templated":true}]}}