{"id":32114,"date":"2021-09-16T21:28:45","date_gmt":"2021-09-17T02:28:45","guid":{"rendered":"http:\/\/www.zonaroja.com.mx\/?p=32114"},"modified":"2021-09-16T21:28:48","modified_gmt":"2021-09-17T02:28:48","slug":"biden-felicita-a-mexico-por-independencia-amlo-le-pide-fin-a-embargo-a-cuba","status":"publish","type":"post","link":"https:\/\/zonaroja.com.mx\/?p=32114","title":{"rendered":"Biden felicita a M\u00e9xico por Independencia; AMLO le pide fin a embargo a Cuba"},"content":{"rendered":"\n<p>Redacci\u00f3n\/Zona Roja Cdmx.<\/p>\n\n\n\n<p>Ciudad de M\u00e9xico, 16 de septiembre de 2021.- El Presidente de los Estados Unidos de Norteam\u00e9rica, Joe Biden, felicit\u00f3 a M\u00e9xico por la conmemoraci\u00f3n del 211 aniversario del inicio de la guerra de Independencia.<\/p>\n\n\n\n<p>\u201cM\u00e9xico es uno de nuestros socios m\u00e1s apreciados. Juntos, somos capaces de promocionar nuestros intereses mutuos y cooperar para abordar los retos conjuntos.<\/p>\n\n\n\n<p>\u00abEnfrentamos las crisis en materia de salud y econ\u00f3mica que surgieron a causa de la pandemia del Covid-19. Espero seguir avanzando en estos logros el pr\u00f3ximo a\u00f1o al igual que seguir reforzando nuestra resiliencia en cara a los retos globales\u00bb, dijo a trav\u00e9s de un comunicado.<\/p>\n\n\n\n<p>Mientras tanto, el Presidente L\u00f3pez Obrador, previo al desfile para recordar la gesta del 16 de septiembre de 1810, y acompa\u00f1ado de su hom\u00f3logo cubano Miguel D\u00edaz-Canel, pidi\u00f3 a la naci\u00f3n norteamericana retirar el embargo a la isla.<\/p>\n\n\n\n<p>Critic\u00f3 la pol\u00edtica estadunidense contra la isla, pero tambi\u00e9n al instar al exilio cubano en Florida, al dejar de lado sus diferencias con el r\u00e9gimen comunista.<\/p>\n\n\n\n<p>\u201cPodemos estar de acuerdo o no, con la revoluci\u00f3n cubana y con su gobierno, pero haber resistido 62 a\u00f1os sin sometimiento es una indiscutible haza\u00f1a hist\u00f3rica. En consecuencia, creo que por su lucha en defensa de la soberan\u00eda de su pa\u00eds, el pueblo de Cuba merece el premio de la dignidad\u201d, dijo. A\u00f1adi\u00f3 que por su ejemplo de resistencia Cube deber\u00eda ser declarada como patrimonio de la humanidad. A la vez, hizo un llamado respetuoso al gobierno de Estados Unidos a levantar el bloqueo contra Cuba, \u201cporque ning\u00fan Estado tiene derecho a someter a otro pueblo, a someter a otro pa\u00eds\u201d, insisti\u00f3.<\/p>\n","protected":false},"excerpt":{"rendered":"<p>Redacci\u00f3n\/Zona Roja Cdmx. Ciudad de M\u00e9xico, 16 de septiembre de 2021.- El Presidente de los&hellip;<\/p>\n","protected":false},"author":2,"featured_media":32115,"comment_status":"closed","ping_status":"open","sticky":false,"template":"","format":"standard","meta":{"_lmt_disableupdate":"","_lmt_disable":"","_jetpack_memberships_contains_paid_content":false,"footnotes":""},"categories":[109,46],"tags":[143],"class_list":["post-32114","post","type-post","status-publish","format-standard","has-post-thumbnail","hentry","category-minuto-a-minuto","category-zona-blanca","tag-andres-manuel-lopez-obrador"],"jetpack_featured_media_url":"https:\/\/zonaroja.com.mx\/wp-content\/uploads\/2021\/09\/Ceremonia-AMLO-16-de-septiembre.jpg","jetpack_sharing_enabled":true,"_links":{"self":[{"href":"https:\/\/zonaroja.com.mx\/index.php?rest_route=\/wp\/v2\/posts\/32114","targetHints":{"allow":["GET"]}}],"collection":[{"href":"https:\/\/zonaroja.com.mx\/index.php?rest_route=\/wp\/v2\/posts"}],"about":[{"href":"https:\/\/zonaroja.com.mx\/index.php?rest_route=\/wp\/v2\/types\/post"}],"author":[{"embeddable":true,"href":"https:\/\/zonaroja.com.mx\/index.php?rest_route=\/wp\/v2\/users\/2"}],"replies":[{"embeddable":true,"href":"https:\/\/zonaroja.com.mx\/index.php?rest_route=%2Fwp%2Fv2%2Fcomments&post=32114"}],"version-history":[{"count":1,"href":"https:\/\/zonaroja.com.mx\/index.php?rest_route=\/wp\/v2\/posts\/32114\/revisions"}],"predecessor-version":[{"id":32116,"href":"https:\/\/zonaroja.com.mx\/index.php?rest_route=\/wp\/v2\/posts\/32114\/revisions\/32116"}],"wp:featuredmedia":[{"embeddable":true,"href":"https:\/\/zonaroja.com.mx\/index.php?rest_route=\/wp\/v2\/media\/32115"}],"wp:attachment":[{"href":"https:\/\/zonaroja.com.mx\/index.php?rest_route=%2Fwp%2Fv2%2Fmedia&parent=32114"}],"wp:term":[{"taxonomy":"category","embeddable":true,"href":"https:\/\/zonaroja.com.mx\/index.php?rest_route=%2Fwp%2Fv2%2Fcategories&post=32114"},{"taxonomy":"post_tag","embeddable":true,"href":"https:\/\/zonaroja.com.mx\/index.php?rest_route=%2Fwp%2Fv2%2Ftags&post=32114"}],"curies":[{"name":"wp","href":"https:\/\/api.w.org\/{rel}","templated":true}]}}