{"id":32118,"date":"2021-09-17T08:04:20","date_gmt":"2021-09-17T13:04:20","guid":{"rendered":"http:\/\/www.zonaroja.com.mx\/?p=32118"},"modified":"2021-09-16T22:05:42","modified_gmt":"2021-09-17T03:05:42","slug":"hasta-marzo-de-2022-podria-quedar-controlado-el-covid-19","status":"publish","type":"post","link":"https:\/\/zonaroja.com.mx\/?p=32118","title":{"rendered":"Hasta marzo de 2022 podr\u00eda quedar controlado el Covid-19"},"content":{"rendered":"\n<p>Redacci\u00f3n\/Zona Roja Cdmx.<\/p>\n\n\n\n<p>Ciudad de M\u00e9xico, 17 de septiembre de 2021.- La directora del departamento de Salud P\u00fablica y Medio Ambiente de la Organizaci\u00f3n Mundial de la Salud (OMS), la espa\u00f1ola Mar\u00eda Neira, considera que si la vacunaci\u00f3n avanza como hasta ahora la pandemia de Covid-19 podr\u00eda estar controlada en marzo de 2022.<\/p>\n\n\n\n<p>En declaraciones a la emisora RAC1, la endocrin\u00f3loga asturiana ha reconocido que el fin de la pandemia \u201ces cada vez m\u00e1s notable\u201d, pero ha recordado que hay que aprovechar para cambiar el modelo de vida actual y no cometer los mismos errores.<\/p>\n\n\n\n<p>\u201cDos a\u00f1os es un periodo que nos fijamos y seguramente ser\u00e1 un tiempo razonable. Si nos ponemos a vacunar a la velocidad que hemos ido hasta ahora podr\u00edamos ver incluso antes la salida de esta situaci\u00f3n tremenda\u201d, ha dicho la m\u00e9dica espa\u00f1ola.<\/p>\n\n\n\n<p>Neira cree que \u201cel fin est\u00e1 empezando a ser cada vez m\u00e1s presente, pero cuando salgamos de la pandemia debemos aprovechar para ser mejores y no olvidar estas lecciones.<\/p>\n\n\n\n<p>\u201cHay que aprovechar tambi\u00e9n para que esta normalidad sea una mejora de las condiciones de vida. Deber\u00edamos revisar un poco nuestros modos de consumo, de producci\u00f3n y de estilo de vida para que nuestra salud est\u00e9 mucho m\u00e1s protegida\u201d, ha se\u00f1alado la responsable de Salud P\u00fablica de la OMS.<\/p>\n\n\n\n<p>Al ser cuestionada sobre la necesidad de aplicar una tercera dosis de la vacuna, Neira ha dicho:<\/p>\n\n\n\n<p>\u201cHemos pedido una especie moratoria, de esperar, como m\u00ednimo, hasta el a\u00f1o que viene, hasta que tengamos m\u00e1s informaci\u00f3n y evidencias y hasta que un 40 por ciento de la poblaci\u00f3n mundial pueda tener una primera dosis. Para nosotros, la tercera dosis, por ahora se puede posponer.<\/p>\n\n\n\n<p>\u201cEsto no quiere decir -ha aclarado- que si, despu\u00e9s, el virus es end\u00e9mico en un futuro, habr\u00eda unos grupos vulnerables a los que se podr\u00eda poner, pero de momento posponemos la tercera dosis hasta que sea m\u00e1s equitativa. Es una estrategia de protecci\u00f3n colectiva\u201d.<\/p>\n\n\n\n<p>Sobre la vacunaci\u00f3n de los menores de 12 a\u00f1os, Neira ha dicho que de momento no lo ve necesario y que, con la vuelta al colegio, se podr\u00e1 evaluar si realmente esta franja de edad supone un riesgo de contagios o no.<\/p>\n\n\n\n<p>(Con informaci\u00f3n de \u201cEl Financiero\u201d y EFE)<\/p>\n","protected":false},"excerpt":{"rendered":"<p>Redacci\u00f3n\/Zona Roja Cdmx. Ciudad de M\u00e9xico, 17 de septiembre de 2021.- La directora del departamento&hellip;<\/p>\n","protected":false},"author":2,"featured_media":29982,"comment_status":"closed","ping_status":"open","sticky":false,"template":"","format":"standard","meta":{"_lmt_disableupdate":"","_lmt_disable":"","_jetpack_memberships_contains_paid_content":false,"footnotes":""},"categories":[109,47],"tags":[1510],"class_list":["post-32118","post","type-post","status-publish","format-standard","has-post-thumbnail","hentry","category-minuto-a-minuto","category-zona-gris","tag-coronavirus-pandemia-global"],"jetpack_featured_media_url":"https:\/\/zonaroja.com.mx\/wp-content\/uploads\/2021\/07\/Coronavirus-Mexico-hospitalizados.jpg","jetpack_sharing_enabled":true,"_links":{"self":[{"href":"https:\/\/zonaroja.com.mx\/index.php?rest_route=\/wp\/v2\/posts\/32118","targetHints":{"allow":["GET"]}}],"collection":[{"href":"https:\/\/zonaroja.com.mx\/index.php?rest_route=\/wp\/v2\/posts"}],"about":[{"href":"https:\/\/zonaroja.com.mx\/index.php?rest_route=\/wp\/v2\/types\/post"}],"author":[{"embeddable":true,"href":"https:\/\/zonaroja.com.mx\/index.php?rest_route=\/wp\/v2\/users\/2"}],"replies":[{"embeddable":true,"href":"https:\/\/zonaroja.com.mx\/index.php?rest_route=%2Fwp%2Fv2%2Fcomments&post=32118"}],"version-history":[{"count":1,"href":"https:\/\/zonaroja.com.mx\/index.php?rest_route=\/wp\/v2\/posts\/32118\/revisions"}],"predecessor-version":[{"id":32119,"href":"https:\/\/zonaroja.com.mx\/index.php?rest_route=\/wp\/v2\/posts\/32118\/revisions\/32119"}],"wp:featuredmedia":[{"embeddable":true,"href":"https:\/\/zonaroja.com.mx\/index.php?rest_route=\/wp\/v2\/media\/29982"}],"wp:attachment":[{"href":"https:\/\/zonaroja.com.mx\/index.php?rest_route=%2Fwp%2Fv2%2Fmedia&parent=32118"}],"wp:term":[{"taxonomy":"category","embeddable":true,"href":"https:\/\/zonaroja.com.mx\/index.php?rest_route=%2Fwp%2Fv2%2Fcategories&post=32118"},{"taxonomy":"post_tag","embeddable":true,"href":"https:\/\/zonaroja.com.mx\/index.php?rest_route=%2Fwp%2Fv2%2Ftags&post=32118"}],"curies":[{"name":"wp","href":"https:\/\/api.w.org\/{rel}","templated":true}]}}