{"id":32125,"date":"2021-09-17T08:16:24","date_gmt":"2021-09-17T13:16:24","guid":{"rendered":"http:\/\/www.zonaroja.com.mx\/?p=32125"},"modified":"2021-09-16T22:17:30","modified_gmt":"2021-09-17T03:17:30","slug":"avala-congreso-requisitos-para-ser-candidato-a-diputacion-migrante-o-binacional","status":"publish","type":"post","link":"https:\/\/zonaroja.com.mx\/?p=32125","title":{"rendered":"Avala Congreso requisitos para ser candidato a diputaci\u00f3n migrante o binacional"},"content":{"rendered":"\n<p>Redacci\u00f3n\/Zona Roja.<\/p>\n\n\n\n<p>Oaxaca de Ju\u00e1rez, Oax., 17 de septiembre de 2021.- Con 26 votos a favor, la 64 Legislatura local decret\u00f3 el pasado mi\u00e9rcoles la reforma secundaria para garantizar la integraci\u00f3n de un diputado o diputada migrante en el Poder Legislativo.<\/p>\n\n\n\n<p>Mediante la reforma a los art\u00edculos: 2, 3, 14, 21, 23, 31, 32, 38, 42, 49, 50, 51, 70, 173, 149, 182,186, 192, 271 de la Ley de Instituciones y Procedimientos Electorales del Estado de Oaxaca (Lippeo), regul\u00f3 el marco jur\u00eddico de la figura de diputaci\u00f3n migrante o binacional.<\/p>\n\n\n\n<p>Se instituye que, para el efecto de esta candidatura, se deber\u00e1 presentar la solicitud correspondiente ante el Consejo General del Instituto Estatal Electoral y de Participaci\u00f3n Ciudadana de Oaxaca (IEEPCO), y deber\u00e1 existir consentimiento escrito por parte de las personas postuladas.<\/p>\n\n\n\n<p>La persona candidata tendr\u00e1 que acreditar su condici\u00f3n de migrante, y demostrar su trabajo a favor de los derechos humanos, actividades culturales y de desarrollo productivo a favor de la comunidad migrante oaxaque\u00f1a establecida fuera del territorio nacional.<\/p>\n\n\n\n<p>La modificaci\u00f3n limita la postulaci\u00f3n a personas que desempe\u00f1en cargos diplom\u00e1ticos o desempe\u00f1en labores en sedes diplom\u00e1ticas o consulares, sino hasta despu\u00e9s de haber transcurrido dos a\u00f1os de haberse separado de su cargo.<\/p>\n\n\n\n<p>Se instituye que todos los partidos pol\u00edticos integrar\u00e1n en su lista de representaci\u00f3n proporcional al menos una candidata o candidato migrante o binacional, seg\u00fan corresponda la alternancia de g\u00e9nero, la posici\u00f3n de la lista deber\u00e1 garantizarse dentro del primer 30 por ciento de la lista.<\/p>\n\n\n\n<p>En caso de que un partido pol\u00edtico no haya registrado las f\u00f3rmulas de diputado migrante o binacional, el Instituto Electoral har\u00e1 lo pertinente para cumplir este procedimiento.<\/p>\n\n\n\n<p>De no hacerlo, se sancionar\u00e1 al partido pol\u00edtico con una amonestaci\u00f3n p\u00fablica y la reducci\u00f3n de las ministraciones para las actividades ordinarias<\/p>\n\n\n\n<p>El dictamen establece en los art\u00edculos transitorios que el IEEPCO, ser\u00e1 la instancia que elaborar\u00e1 los lineamientos correspondientes para la elecci\u00f3n de \u00e9l o la diputada migrante o binacional a partir del proceso electoral 2024.<\/p>\n","protected":false},"excerpt":{"rendered":"<p>Redacci\u00f3n\/Zona Roja. Oaxaca de Ju\u00e1rez, Oax., 17 de septiembre de 2021.- Con 26 votos a&hellip;<\/p>\n","protected":false},"author":2,"featured_media":32121,"comment_status":"closed","ping_status":"open","sticky":false,"template":"","format":"standard","meta":{"_lmt_disableupdate":"","_lmt_disable":"","_jetpack_memberships_contains_paid_content":false,"footnotes":""},"categories":[109,46],"tags":[213],"class_list":["post-32125","post","type-post","status-publish","format-standard","has-post-thumbnail","hentry","category-minuto-a-minuto","category-zona-blanca","tag-64-legislatura-de-oaxaca"],"jetpack_featured_media_url":"https:\/\/zonaroja.com.mx\/wp-content\/uploads\/2021\/09\/FOTO-Decreta-Congreso-requisitos-para-ser-candidata-o-y-candidato-a-diputacion-migrante-o-binacional.jpg","jetpack_sharing_enabled":true,"_links":{"self":[{"href":"https:\/\/zonaroja.com.mx\/index.php?rest_route=\/wp\/v2\/posts\/32125","targetHints":{"allow":["GET"]}}],"collection":[{"href":"https:\/\/zonaroja.com.mx\/index.php?rest_route=\/wp\/v2\/posts"}],"about":[{"href":"https:\/\/zonaroja.com.mx\/index.php?rest_route=\/wp\/v2\/types\/post"}],"author":[{"embeddable":true,"href":"https:\/\/zonaroja.com.mx\/index.php?rest_route=\/wp\/v2\/users\/2"}],"replies":[{"embeddable":true,"href":"https:\/\/zonaroja.com.mx\/index.php?rest_route=%2Fwp%2Fv2%2Fcomments&post=32125"}],"version-history":[{"count":1,"href":"https:\/\/zonaroja.com.mx\/index.php?rest_route=\/wp\/v2\/posts\/32125\/revisions"}],"predecessor-version":[{"id":32126,"href":"https:\/\/zonaroja.com.mx\/index.php?rest_route=\/wp\/v2\/posts\/32125\/revisions\/32126"}],"wp:featuredmedia":[{"embeddable":true,"href":"https:\/\/zonaroja.com.mx\/index.php?rest_route=\/wp\/v2\/media\/32121"}],"wp:attachment":[{"href":"https:\/\/zonaroja.com.mx\/index.php?rest_route=%2Fwp%2Fv2%2Fmedia&parent=32125"}],"wp:term":[{"taxonomy":"category","embeddable":true,"href":"https:\/\/zonaroja.com.mx\/index.php?rest_route=%2Fwp%2Fv2%2Fcategories&post=32125"},{"taxonomy":"post_tag","embeddable":true,"href":"https:\/\/zonaroja.com.mx\/index.php?rest_route=%2Fwp%2Fv2%2Ftags&post=32125"}],"curies":[{"name":"wp","href":"https:\/\/api.w.org\/{rel}","templated":true}]}}