{"id":32127,"date":"2021-09-17T07:20:14","date_gmt":"2021-09-17T12:20:14","guid":{"rendered":"http:\/\/www.zonaroja.com.mx\/?p=32127"},"modified":"2021-09-16T22:22:17","modified_gmt":"2021-09-17T03:22:17","slug":"recuperar-la-libertad-representa-una-nueva-oportunidad-de-vida-eps","status":"publish","type":"post","link":"https:\/\/zonaroja.com.mx\/?p=32127","title":{"rendered":"Recuperar la libertad representa una nueva oportunidad de vida: EPS"},"content":{"rendered":"\n<p>Redacci\u00f3n\/Zona Roja.<\/p>\n\n\n\n<p>Oaxaca de Ju\u00e1rez, Oax., 17 de septiembre de 2021.- El titular del Poder Judicial del Estado de Oaxaca, magistrado Eduardo Pinacho S\u00e1nchez, afirm\u00f3 que en una labor coordinada y resultado de un proceso minucioso de revisi\u00f3n de expedientes de personas privadas de su libertad, se entregaron 156 boletas de liberaci\u00f3n a hombres y mujeres de escasos recursos o integrantes de grupos ind\u00edgenas, quienes ahora tienen una nueva oportunidad de vida, fundada en la esperanza de crear mejores condiciones para lograr la felicidad.<\/p>\n\n\n\n<p>A trav\u00e9s de un sistema de justicia penal garantista, el Tribunal Superior de Justicia y el Consejo de la Judicatura tienen como prioridad que la dignidad de las personas que por diferentes situaciones se encuentran en los reclusorios, prevalezca por encima de obst\u00e1culos econ\u00f3micos, pol\u00edticos o sociales y la libertad se otorgue no como una concesi\u00f3n paternalista, sino con un sentido humanista.<\/p>\n\n\n\n<p>En su intervenci\u00f3n durante la ceremonia de liberaci\u00f3n de personas ind\u00edgenas y de escasos recursos econ\u00f3micos, presidida por el gobernador Alejandro Murat Hinojosa y con la que se rememora la gesta hist\u00f3rica que protagoniz\u00f3 el cura don Miguel Hidalgo y Costilla al inicio del Movimiento Independista de 1810, el magistrado presidente puntualiz\u00f3 que esta fecha representa un momento de reflexi\u00f3n para todas y todos.<\/p>\n\n\n\n<p>\u201cEl internamiento no significa la privaci\u00f3n de oportunidades, por el contrario genera una nueva y mejor oportunidad para un proyecto de vida, una ruta para encontrar mejores condiciones para convivir con la familia y coexistir dentro de la sociedad\u201d, enfatiz\u00f3 en el evento realizado en Palacio de Gobierno.<\/p>\n\n\n\n<p>En presencia del director general de la Defensor\u00eda P\u00fablica del Estado de Oaxaca, Jes\u00fas Gerardo Herrera P\u00e9rez; del secretario de Seguridad P\u00fablica de Oaxaca (SSPO), Heliodoro D\u00edaz Esc\u00e1rraga y del presidente de la Mesa Directiva de la 64 Legislatura Local, Arsenio Lorenzo Mej\u00eda Garc\u00eda, el titular del Poder Judicial indic\u00f3 que si bien esta ceremonia permite celebrar la libertad y la unidad tambi\u00e9n es el marco para perdonar.<\/p>\n\n\n\n<p>\u201cPerdonarnos como sociedad porque quiz\u00e1 no les ofrecimos las oportunidades y las expectativas que en un momento dado correspond\u00edan y perdonarlos a ustedes porque cometieron una falta a la sociedad\u201d, manifest\u00f3 el magistrado Pinacho S\u00e1nchez luego de se\u00f1alar que con la entrega de boletas de liberaci\u00f3n se celebra el inicio de una nueva vida y una nueva oportunidad que se les concede.<\/p>\n\n\n\n<p>Los tipos de liberaci\u00f3n de las personas ind\u00edgenas y de escasos recursos beneficiadas en esta fecha son por libertad anticipada, libertad preparatoria, bajo cauci\u00f3n, absolutoria, liberaci\u00f3n condicionada, tratamiento preliberacional, compurgaci\u00f3n de pena y cambio de medida cautelar.<\/p>\n","protected":false},"excerpt":{"rendered":"<p>Redacci\u00f3n\/Zona Roja. Oaxaca de Ju\u00e1rez, Oax., 17 de septiembre de 2021.- El titular del Poder&hellip;<\/p>\n","protected":false},"author":2,"featured_media":32120,"comment_status":"closed","ping_status":"open","sticky":false,"template":"","format":"standard","meta":{"_lmt_disableupdate":"","_lmt_disable":"","_jetpack_memberships_contains_paid_content":false,"footnotes":""},"categories":[109,46],"tags":[223],"class_list":["post-32127","post","type-post","status-publish","format-standard","has-post-thumbnail","hentry","category-minuto-a-minuto","category-zona-blanca","tag-poder-judicial-de-oaxaca"],"jetpack_featured_media_url":"https:\/\/zonaroja.com.mx\/wp-content\/uploads\/2021\/09\/01-Liberacion-presos.jpeg","jetpack_sharing_enabled":true,"_links":{"self":[{"href":"https:\/\/zonaroja.com.mx\/index.php?rest_route=\/wp\/v2\/posts\/32127","targetHints":{"allow":["GET"]}}],"collection":[{"href":"https:\/\/zonaroja.com.mx\/index.php?rest_route=\/wp\/v2\/posts"}],"about":[{"href":"https:\/\/zonaroja.com.mx\/index.php?rest_route=\/wp\/v2\/types\/post"}],"author":[{"embeddable":true,"href":"https:\/\/zonaroja.com.mx\/index.php?rest_route=\/wp\/v2\/users\/2"}],"replies":[{"embeddable":true,"href":"https:\/\/zonaroja.com.mx\/index.php?rest_route=%2Fwp%2Fv2%2Fcomments&post=32127"}],"version-history":[{"count":1,"href":"https:\/\/zonaroja.com.mx\/index.php?rest_route=\/wp\/v2\/posts\/32127\/revisions"}],"predecessor-version":[{"id":32128,"href":"https:\/\/zonaroja.com.mx\/index.php?rest_route=\/wp\/v2\/posts\/32127\/revisions\/32128"}],"wp:featuredmedia":[{"embeddable":true,"href":"https:\/\/zonaroja.com.mx\/index.php?rest_route=\/wp\/v2\/media\/32120"}],"wp:attachment":[{"href":"https:\/\/zonaroja.com.mx\/index.php?rest_route=%2Fwp%2Fv2%2Fmedia&parent=32127"}],"wp:term":[{"taxonomy":"category","embeddable":true,"href":"https:\/\/zonaroja.com.mx\/index.php?rest_route=%2Fwp%2Fv2%2Fcategories&post=32127"},{"taxonomy":"post_tag","embeddable":true,"href":"https:\/\/zonaroja.com.mx\/index.php?rest_route=%2Fwp%2Fv2%2Ftags&post=32127"}],"curies":[{"name":"wp","href":"https:\/\/api.w.org\/{rel}","templated":true}]}}