{"id":32129,"date":"2021-09-17T07:21:15","date_gmt":"2021-09-17T12:21:15","guid":{"rendered":"http:\/\/www.zonaroja.com.mx\/?p=32129"},"modified":"2021-09-17T07:21:17","modified_gmt":"2021-09-17T12:21:17","slug":"asesinan-a-medico-eventual-en-comunidad-de-oaxaca","status":"publish","type":"post","link":"https:\/\/zonaroja.com.mx\/?p=32129","title":{"rendered":"Asesinan a m\u00e9dico eventual en comunidad de Oaxaca"},"content":{"rendered":"\n<p>Redacci\u00f3n\/Zona Roja.<\/p>\n\n\n\n<p>Oaxaca de Ju\u00e1rez, Oax., 17 de septiembre de 2021.- Un m\u00e9dico eventual del Instituto Mexicano del Seguro Social (IMSS) fue asesinado este mi\u00e9rcoles en la comunidad de San Jos\u00e9 Tenango, en la regi\u00f3n Ca\u00f1ada del estado de Oaxaca.<\/p>\n\n\n\n<p>El galeno, que prestaba sus servicios en la cl\u00ednica ubicada en Huautla de Jim\u00e9nez, identificado como N\u00e9stor Garc\u00eda Garc\u00eda, regresaba de sus labores cuando fue agredido a balazos, presuntamente por un asalto.<\/p>\n\n\n\n<p>El hecho ocurri\u00f3 este 15 de septiembre en inmediaciones del paraje \u201cCerro de la Cruz\u201d; viajaba a bordo de su motocicleta cuando fue agredido por sujetos desconocidos.<\/p>\n\n\n\n<p>De acuerdo con el sitio informativo \u201cRuta 135\u201d, el m\u00e9dico que laboraba en el IMSS Bienestar de Huautla ten\u00eda su domicilio en la comunidad de R\u00edo Santiago, perteneciente a dicho municipio. Hasta el momento no hay personas detenidas.<\/p>\n","protected":false},"excerpt":{"rendered":"<p>Redacci\u00f3n\/Zona Roja. Oaxaca de Ju\u00e1rez, Oax., 17 de septiembre de 2021.- Un m\u00e9dico eventual del&hellip;<\/p>\n","protected":false},"author":2,"featured_media":32130,"comment_status":"closed","ping_status":"open","sticky":false,"template":"","format":"standard","meta":{"_lmt_disableupdate":"","_lmt_disable":"","_jetpack_memberships_contains_paid_content":false,"footnotes":""},"categories":[109,51],"tags":[203],"class_list":["post-32129","post","type-post","status-publish","format-standard","has-post-thumbnail","hentry","category-minuto-a-minuto","category-zona-roja","tag-huautla-de-jimenez"],"jetpack_featured_media_url":"https:\/\/zonaroja.com.mx\/wp-content\/uploads\/2021\/09\/IMSS-Huautla-de-Jimenez.jpg","jetpack_sharing_enabled":true,"_links":{"self":[{"href":"https:\/\/zonaroja.com.mx\/index.php?rest_route=\/wp\/v2\/posts\/32129","targetHints":{"allow":["GET"]}}],"collection":[{"href":"https:\/\/zonaroja.com.mx\/index.php?rest_route=\/wp\/v2\/posts"}],"about":[{"href":"https:\/\/zonaroja.com.mx\/index.php?rest_route=\/wp\/v2\/types\/post"}],"author":[{"embeddable":true,"href":"https:\/\/zonaroja.com.mx\/index.php?rest_route=\/wp\/v2\/users\/2"}],"replies":[{"embeddable":true,"href":"https:\/\/zonaroja.com.mx\/index.php?rest_route=%2Fwp%2Fv2%2Fcomments&post=32129"}],"version-history":[{"count":1,"href":"https:\/\/zonaroja.com.mx\/index.php?rest_route=\/wp\/v2\/posts\/32129\/revisions"}],"predecessor-version":[{"id":32131,"href":"https:\/\/zonaroja.com.mx\/index.php?rest_route=\/wp\/v2\/posts\/32129\/revisions\/32131"}],"wp:featuredmedia":[{"embeddable":true,"href":"https:\/\/zonaroja.com.mx\/index.php?rest_route=\/wp\/v2\/media\/32130"}],"wp:attachment":[{"href":"https:\/\/zonaroja.com.mx\/index.php?rest_route=%2Fwp%2Fv2%2Fmedia&parent=32129"}],"wp:term":[{"taxonomy":"category","embeddable":true,"href":"https:\/\/zonaroja.com.mx\/index.php?rest_route=%2Fwp%2Fv2%2Fcategories&post=32129"},{"taxonomy":"post_tag","embeddable":true,"href":"https:\/\/zonaroja.com.mx\/index.php?rest_route=%2Fwp%2Fv2%2Ftags&post=32129"}],"curies":[{"name":"wp","href":"https:\/\/api.w.org\/{rel}","templated":true}]}}