{"id":32133,"date":"2021-09-17T08:05:46","date_gmt":"2021-09-17T13:05:46","guid":{"rendered":"http:\/\/www.zonaroja.com.mx\/?p=32133"},"modified":"2021-09-17T08:05:49","modified_gmt":"2021-09-17T13:05:49","slug":"aseguran-los-sso-que-hay-personal-suficiente-para-atender-clinicas-y-hospitales","status":"publish","type":"post","link":"https:\/\/zonaroja.com.mx\/?p=32133","title":{"rendered":"Aseguran los SSO que hay personal suficiente para atender cl\u00ednicas y hospitales"},"content":{"rendered":"\n<p>Ismael Garc\u00eda\/Redacci\u00f3n\/Zona Roja.<\/p>\n\n\n\n<p>Oaxaca de Ju\u00e1rez, Oax., 17 de septiembre de 2021.- \u201cCon fecha 16 de agosto del 2021, usted y mi representada Servicios de Salud de Oaxaca, por conducto de su director de Administraci\u00f3n, celebr\u00f3 contrato por tiempo determinado que sujeto a la naturaleza del trabajo comprende del 16 de agosto del 2021 al 15 de septiembre de 2021\u2026<\/p>\n\n\n\n<p>\u201cDebido a la naturaleza de su condici\u00f3n y toda vez que tiene relaci\u00f3n con la solvencia presupuestal en el Ejercicio Fiscal 2021\u2026 le comunico que el d\u00eda 15 de septiembre de 2021 concluye el contrato de trabajo que lo une a los Servicios de salud de Oaxaca sin responsabilidad alguna para el mismo, en tales condiciones, se da por terminada la relaci\u00f3n laboral que exist\u00eda entre usted y los Servicios de Salud\u201d.<\/p>\n\n\n\n<p>Ese es el oficio que se entreg\u00f3 ayer a una enfermera del Hospital Civil \u201cDr. Aurelio Valdivieso\u201d de Oaxaca, firmado por Ricardo Javier P\u00e1ez L\u00f3pez, director de Administraci\u00f3n, y el mismo que se ha entregado hasta ahora a m\u00e1s de dos mil trabajadores eventuales; la condici\u00f3n de pagarles la \u00faltima quincena fue que firmaran dicho documento, sin finiquito alguno.<\/p>\n\n\n\n<p>Esa es una de las principales razones por las cuales miles de trabajadores afiliados a la Secci\u00f3n 35 del Sindicato Nacional de Trabajadores de la Educaci\u00f3n Salen a las calles este viernes, con paro de labores incluido, adem\u00e1s de denunciar la falta de personal en cl\u00ednicas y hospitales del estado.<\/p>\n\n\n\n<p>S\u00cd HAY PERSONAL<\/p>\n\n\n\n<p>Sin embargo, los Servicios de Salud ha reiterado que la medida es necesaria ante la incapacidad presupuestal. Adem\u00e1s, los centros m\u00e9dicos no se han quedado sin cobertura de personal.<\/p>\n\n\n\n<p>Se cuenta \u201ccon una plantilla de 16 mil 287 trabajadoras y trabajadores de base, regularizados y formalizados en las seis Jurisdicciones Sanitarias del territorio estatal, para garantizar la atenci\u00f3n m\u00e9dica para la poblaci\u00f3n m\u00e1s vulnerable.<\/p>\n\n\n\n<p>\u201cEstos recursos humanos actualmente se est\u00e1n optimizando a trav\u00e9s del proceso de reingenier\u00eda laboral, reubic\u00e1ndolos en sus lugares de adscripci\u00f3n y comision\u00e1ndolos donde se requiera el servicio en los t\u00e9rminos y facultades que establece la ley, con el fin de brindar atenci\u00f3n oportuna a la poblaci\u00f3n oaxaque\u00f1a\u201d, dijo anoche en un comunicado.<\/p>\n\n\n\n<p>Puntualiz\u00f3 que dentro del personal de salud que actualmente trabaja en las ramas m\u00e9dicas, enfermer\u00eda, anestesiolog\u00eda, param\u00e9dica, psicolog\u00eda, trabajo social y otros profesionales a fines se encuentran distribuidos en los 16 Hospitales Generales y 19 Comunitarios, adem\u00e1s de 747 Centros de Salud, 20 Unidades de Especialidades M\u00e9dicas y tres Cl\u00ednicas de Especialidad.<\/p>\n\n\n\n<p>Igualmente, esta atenci\u00f3n a las y los habitantes de los 570 municipios de la entidad se complementa con los hospitales Regional de Alta Especialidad de Oaxaca (HRAEO), y de la Ni\u00f1ez Oaxaque\u00f1a \u201cDoctor Guillermo Z\u00e1rate Mijangos\u201d, as\u00ed como el r\u00e9gimen IMSS-Bienestar, que opera con nueve nosocomios Rurales, 473 Unidades M\u00e9dicas Rurales y una Unidad M\u00e9dica Urbana.<\/p>\n\n\n\n<p>\u201cEn este sentido, los SSO precisan que, para enfrentar los retos en materia de salubridad en la entidad, es necesario la suma de esfuerzos y voluntades para que, en un marco de respeto y de previsi\u00f3n social, se avance hacia el ideal de protecci\u00f3n de la salud para la poblaci\u00f3n, y cumplir con el mandato constitucional que la consagra como un derecho fundamental\u201d, remarc\u00f3.<\/p>\n\n\n\n<p>\u201cEl sector Salud requiere una transformaci\u00f3n que le permita generar mejor y m\u00e1s bienestar con los recursos actualmente disponibles, y as\u00ed poder brindar la atenci\u00f3n m\u00e9dica que merecen las y los oaxaque\u00f1as, adem\u00e1s de cumplir con el compromiso laboral de la base trabajadora, con la seguridad de contar con un trabajo estable en beneficio de ellos y sus familias\u201d, justific\u00f3.<\/p>\n","protected":false},"excerpt":{"rendered":"<p>Ismael Garc\u00eda\/Redacci\u00f3n\/Zona Roja. Oaxaca de Ju\u00e1rez, Oax., 17 de septiembre de 2021.- \u201cCon fecha 16&hellip;<\/p>\n","protected":false},"author":2,"featured_media":32134,"comment_status":"closed","ping_status":"open","sticky":false,"template":"","format":"standard","meta":{"_lmt_disableupdate":"","_lmt_disable":"","_jetpack_memberships_contains_paid_content":false,"footnotes":""},"categories":[1],"tags":[],"class_list":["post-32133","post","type-post","status-publish","format-standard","has-post-thumbnail","hentry","category-sin-categoria"],"jetpack_featured_media_url":"https:\/\/zonaroja.com.mx\/wp-content\/uploads\/2021\/09\/Oficio-SSO-despidos-contratos.jpg","jetpack_sharing_enabled":true,"_links":{"self":[{"href":"https:\/\/zonaroja.com.mx\/index.php?rest_route=\/wp\/v2\/posts\/32133","targetHints":{"allow":["GET"]}}],"collection":[{"href":"https:\/\/zonaroja.com.mx\/index.php?rest_route=\/wp\/v2\/posts"}],"about":[{"href":"https:\/\/zonaroja.com.mx\/index.php?rest_route=\/wp\/v2\/types\/post"}],"author":[{"embeddable":true,"href":"https:\/\/zonaroja.com.mx\/index.php?rest_route=\/wp\/v2\/users\/2"}],"replies":[{"embeddable":true,"href":"https:\/\/zonaroja.com.mx\/index.php?rest_route=%2Fwp%2Fv2%2Fcomments&post=32133"}],"version-history":[{"count":1,"href":"https:\/\/zonaroja.com.mx\/index.php?rest_route=\/wp\/v2\/posts\/32133\/revisions"}],"predecessor-version":[{"id":32135,"href":"https:\/\/zonaroja.com.mx\/index.php?rest_route=\/wp\/v2\/posts\/32133\/revisions\/32135"}],"wp:featuredmedia":[{"embeddable":true,"href":"https:\/\/zonaroja.com.mx\/index.php?rest_route=\/wp\/v2\/media\/32134"}],"wp:attachment":[{"href":"https:\/\/zonaroja.com.mx\/index.php?rest_route=%2Fwp%2Fv2%2Fmedia&parent=32133"}],"wp:term":[{"taxonomy":"category","embeddable":true,"href":"https:\/\/zonaroja.com.mx\/index.php?rest_route=%2Fwp%2Fv2%2Fcategories&post=32133"},{"taxonomy":"post_tag","embeddable":true,"href":"https:\/\/zonaroja.com.mx\/index.php?rest_route=%2Fwp%2Fv2%2Ftags&post=32133"}],"curies":[{"name":"wp","href":"https:\/\/api.w.org\/{rel}","templated":true}]}}