{"id":32136,"date":"2021-09-17T08:21:00","date_gmt":"2021-09-17T13:21:00","guid":{"rendered":"http:\/\/www.zonaroja.com.mx\/?p=32136"},"modified":"2021-09-17T08:21:04","modified_gmt":"2021-09-17T13:21:04","slug":"tres-lesionados-dos-patrullas-vandalizadas-y-bloqueo-saldo-en-oaxaca-capital","status":"publish","type":"post","link":"https:\/\/zonaroja.com.mx\/?p=32136","title":{"rendered":"Tres lesionados, dos patrullas vandalizadas y bloqueo, saldo en Oaxaca capital"},"content":{"rendered":"\n<p>Redacci\u00f3n\/Zona Roja.<\/p>\n\n\n\n<p>Oaxaca de Ju\u00e1rez, Oax., 17 de septiembre de 2021.- Tres personas lesionadas por golpes y gas lacrim\u00f3geno; tres patrullas vandalizadas; cuatro casquillos de bala percutidos hallados, es el saldo preliminar de la confrontaci\u00f3n anoche en la Central de Abasto de la ciudad de Oaxaca.<\/p>\n\n\n\n<p>Fue alrededor de las 21:00 horas en que polic\u00edas municipales de Oaxaca de Ju\u00e1rez presuntamente revisaron una unidad de motor y se dispon\u00edan a detener al conductor, sin precisar el motivo de la falta.<\/p>\n\n\n\n<p>Ello origin\u00f3 que arribaran decenas de comerciantes que iniciaron la confrotaci\u00f3n con los uniformados, que a su vez respondieron con disparos al aire y detonaciones de cartuchos de gas lacrim\u00f3geno, tras lo cual huyeron.<\/p>\n\n\n\n<p>Seg\u00fan las v\u00edctimas y testigos, fueron los polic\u00edas municipales, al mando de Marcos Fredy Hern\u00e1ndez, quienes los agredieron, sin que hubiera justificaci\u00f3n para ello.<\/p>\n\n\n\n<p>Tras lo cual bloquearon el Perif\u00e9rico a la altura de la Central de Abasto, mismo que permanece cerrado esta ma\u00f1ana.<\/p>\n\n\n\n<figure class=\"wp-block-embed-twitter wp-block-embed is-type-rich is-provider-twitter\"><div class=\"wp-block-embed__wrapper\">\n<div class=\"twitter-tweet\"><blockquote class=\"twitter-tweet\" data-lang=\"es\"><p lang=\"es\" dir=\"ltr\"><a href=\"https:\/\/twitter.com\/hashtag\/%C3%9AltimoMinuto?src=hash&amp;ref_src=twsrc%5Etfw\">#\u00daltimoMinuto<\/a> <br>2. Esta es la denuncia de comerciantes de la Central de Abasto de la capital oaxaque\u00f1a, que denuncian que fueron agredidos por los polic\u00edas municipales de Oaxaca de Ju\u00e1rez (<a href=\"https:\/\/twitter.com\/MunicipioOaxaca?ref_src=twsrc%5Etfw\">@MunicipioOaxaca<\/a>). <a href=\"https:\/\/t.co\/prPGx5x5kE\">pic.twitter.com\/prPGx5x5kE<\/a><\/p>&mdash; Zona Roja Oaxaca (@Zona_Roja_Oax) <a href=\"https:\/\/twitter.com\/Zona_Roja_Oax\/status\/1438695057939369985?ref_src=twsrc%5Etfw\">17 de septiembre de 2021<\/a><\/blockquote><\/div>\n<\/div><\/figure>\n\n\n\n<p>En tanto, casi a la misma hora, un presunto sexoservidor fue atacado con arma blanca, al parecer por resistirse a un asalto, tambi\u00e9n en el Perif\u00e9rico pero metros adelante del bloqueo, lo que le dej\u00f3 heridas en el brazo y la espalda.<\/p>\n\n\n\n<p>Mientras que en la madrugada, un veh\u00edculo de motor se incendi\u00f3 en la calle D\u00edaz Ordaz, casi esquina con Ignacio Zaragoza, al impactarse con un autob\u00fas tur\u00edstico; s\u00f3lo hubo da\u00f1os materiales.<\/p>\n\n\n\n<p>A su vez, en Rancho Aguayo, Santa Cruz Xoxocotl\u00e1n, otra persona del sexo masculino fue agredido a balazos.<\/p>\n\n\n\n<p>Mientras que horas antes, durante la tarde de ayer, en el lienzo charro de Hacienda Blanca, San Pablo Etla, un grupo de personas realiz\u00f3 disparos de arma de fuego, por motivos hasta ahora desconocidos, lo que dej\u00f3 como saldo una persona lesionada.<\/p>\n\n\n\n<p>Isaac Jim\u00e9nez, de 40 a\u00f1os de edad, fue trasladado a un hospital privado de la ciudad de Oaxaca, donde convalece hasta hoy; los responsables se dieron a la fuga a bordo de una camioneta de lujo con direcci\u00f3n a la Villa de Etla.<\/p>\n\n\n\n<figure class=\"wp-block-embed-twitter wp-block-embed is-type-rich is-provider-twitter\"><div class=\"wp-block-embed__wrapper\">\n<div class=\"twitter-tweet\"><blockquote class=\"twitter-tweet\" data-lang=\"es\"><p lang=\"es\" dir=\"ltr\"><a href=\"https:\/\/twitter.com\/hashtag\/%C3%9AltimoMinuto?src=hash&amp;ref_src=twsrc%5Etfw\">#\u00daltimoMinuto<\/a> <br>4. Y en medio de la confusi\u00f3n en la Central de Abasto por las agresiones, una persona transg\u00e9nero fue atacada a pu\u00f1aladas, en el Perif\u00e9rico de la capital de <a href=\"https:\/\/twitter.com\/hashtag\/Oaxaca?src=hash&amp;ref_src=twsrc%5Etfw\">#Oaxaca<\/a>; presuntamente fue tras un asalto. <a href=\"https:\/\/t.co\/xeYw0th18z\">pic.twitter.com\/xeYw0th18z<\/a><\/p>&mdash; Zona Roja Oaxaca (@Zona_Roja_Oax) <a href=\"https:\/\/twitter.com\/Zona_Roja_Oax\/status\/1438699530426281986?ref_src=twsrc%5Etfw\">17 de septiembre de 2021<\/a><\/blockquote><\/div>\n<\/div><\/figure>\n","protected":false},"excerpt":{"rendered":"<p>Redacci\u00f3n\/Zona Roja. Oaxaca de Ju\u00e1rez, Oax., 17 de septiembre de 2021.- Tres personas lesionadas por&hellip;<\/p>\n","protected":false},"author":2,"featured_media":32137,"comment_status":"closed","ping_status":"open","sticky":false,"template":"","format":"standard","meta":{"_lmt_disableupdate":"","_lmt_disable":"","_jetpack_memberships_contains_paid_content":false,"footnotes":""},"categories":[109,47],"tags":[148],"class_list":["post-32136","post","type-post","status-publish","format-standard","has-post-thumbnail","hentry","category-minuto-a-minuto","category-zona-gris","tag-oaxaca-de-juarez"],"jetpack_featured_media_url":"https:\/\/zonaroja.com.mx\/wp-content\/uploads\/2021\/09\/Conflicto-CEntral-ed-Abasto-ciudad.jpg","jetpack_sharing_enabled":true,"_links":{"self":[{"href":"https:\/\/zonaroja.com.mx\/index.php?rest_route=\/wp\/v2\/posts\/32136","targetHints":{"allow":["GET"]}}],"collection":[{"href":"https:\/\/zonaroja.com.mx\/index.php?rest_route=\/wp\/v2\/posts"}],"about":[{"href":"https:\/\/zonaroja.com.mx\/index.php?rest_route=\/wp\/v2\/types\/post"}],"author":[{"embeddable":true,"href":"https:\/\/zonaroja.com.mx\/index.php?rest_route=\/wp\/v2\/users\/2"}],"replies":[{"embeddable":true,"href":"https:\/\/zonaroja.com.mx\/index.php?rest_route=%2Fwp%2Fv2%2Fcomments&post=32136"}],"version-history":[{"count":1,"href":"https:\/\/zonaroja.com.mx\/index.php?rest_route=\/wp\/v2\/posts\/32136\/revisions"}],"predecessor-version":[{"id":32138,"href":"https:\/\/zonaroja.com.mx\/index.php?rest_route=\/wp\/v2\/posts\/32136\/revisions\/32138"}],"wp:featuredmedia":[{"embeddable":true,"href":"https:\/\/zonaroja.com.mx\/index.php?rest_route=\/wp\/v2\/media\/32137"}],"wp:attachment":[{"href":"https:\/\/zonaroja.com.mx\/index.php?rest_route=%2Fwp%2Fv2%2Fmedia&parent=32136"}],"wp:term":[{"taxonomy":"category","embeddable":true,"href":"https:\/\/zonaroja.com.mx\/index.php?rest_route=%2Fwp%2Fv2%2Fcategories&post=32136"},{"taxonomy":"post_tag","embeddable":true,"href":"https:\/\/zonaroja.com.mx\/index.php?rest_route=%2Fwp%2Fv2%2Ftags&post=32136"}],"curies":[{"name":"wp","href":"https:\/\/api.w.org\/{rel}","templated":true}]}}