{"id":32139,"date":"2021-09-17T14:49:41","date_gmt":"2021-09-17T19:49:41","guid":{"rendered":"http:\/\/www.zonaroja.com.mx\/?p=32139"},"modified":"2021-09-17T14:49:45","modified_gmt":"2021-09-17T19:49:45","slug":"triunfa-justicia-sobre-negativa-de-bienestar-de-vacunar-a-menores-contra-covid","status":"publish","type":"post","link":"https:\/\/zonaroja.com.mx\/?p=32139","title":{"rendered":"Triunfa justicia sobre negativa de Bienestar de vacunar a menores contra Covid"},"content":{"rendered":"\n<p>Evlin Arag\u00f3n\/Zona Roja.<\/p>\n\n\n\n<p>Oaxaca de Ju\u00e1rez, Oax., 17 de septiembre de 2021.- Luego de un amparo interpuesto ante la justicia federal, ante la negativa de la Secretar\u00eda de Bienestar, este viernes en Oaxaca fueron vacunados contra el Covid-19 los primeros 18 menores de edad.<\/p>\n\n\n\n<p>Fue en la sede de la Facultad de Medicina de la Universidad Aut\u00f3noma \u201cBenito Ju\u00e1rez\u201d (UABJO) en que se aplic\u00f3 el inmunol\u00f3gico, luego de que sus tutores ganaran un amparo promovido ante los tribunales federales para acceder al biol\u00f3gico.<\/p>\n\n\n\n<p>Se trata de 18 adolescentes quienes, en compa\u00f1\u00eda de sus familiares y con resoluci\u00f3n a favor en mano, fueron inmunizados este viernes con la vacuna de Pfizer-BioNTech, \u00fanica avalada para su aplicaci\u00f3n en menores de edad.\u00a0<\/p>\n\n\n\n<figure class=\"wp-block-embed-twitter wp-block-embed is-type-rich is-provider-twitter\"><div class=\"wp-block-embed__wrapper\">\n<div class=\"twitter-tweet\"><blockquote class=\"twitter-tweet\" data-lang=\"es\"><p lang=\"es\" dir=\"ltr\"><a href=\"https:\/\/twitter.com\/hashtag\/%C3%9AltimoMinuto?src=hash&amp;ref_src=twsrc%5Etfw\">#\u00daltimoMinuto<\/a> <br>En la sede de la Facultad de Medicina de la <a href=\"https:\/\/twitter.com\/UABJO?ref_src=twsrc%5Etfw\">@UABJO<\/a> se vacunan hoy 18 menores de edad contra el Covid, tras ganar un amparo ante la justicia federal, promovido por la abogada oaxaque\u00f1a <a href=\"https:\/\/twitter.com\/AlmaShanandra3?ref_src=twsrc%5Etfw\">@AlmaShanandra3<\/a>. <a href=\"https:\/\/t.co\/mk5Gd8Kn7z\">pic.twitter.com\/mk5Gd8Kn7z<\/a><\/p>&mdash; Zona Roja Oaxaca (@Zona_Roja_Oax) <a href=\"https:\/\/twitter.com\/Zona_Roja_Oax\/status\/1438899200293539849?ref_src=twsrc%5Etfw\">17 de septiembre de 2021<\/a><\/blockquote><\/div>\n<\/div><\/figure>\n\n\n\n<p>Lo anterior tras la negativa de la Secretar\u00eda de Bienestar que impugn\u00f3 el primer amparo, sin embargo, con una segunda resoluci\u00f3n a favor de la y los menores tuvo que dar paso a la aplicaci\u00f3n de las dosis correspondientes a un primer grupo de beneficiarios, al cual la pr\u00f3xima semana se incluyen otros 20 m\u00e1s.&nbsp;<\/p>\n\n\n\n<p>Fue Maximiliano R. F. quien se convirti\u00f3 en el primer menor de 18 a\u00f1os vacunado en la entidad, quien se dijo contento y emocionado por haber recibido el biol\u00f3gico, adem\u00e1s de orgulloso ya que su madre, la abogada Alma Franco fue la primera en promover el amparo que ha permitido la vacunaci\u00f3n en Oaxaca y todo el pa\u00eds.\u00a0<\/p>\n\n\n\n<p>\u201cAmanec\u00ed tranquilo, tuve clases y me emocion\u00e9 cuando llegue aqu\u00ed porque ya me iba a vacunar y me iba a sentir m\u00e1s seguro, adem\u00e1s que voy a poder asistir a clases ya presencialmente en poco tiempo\u201d, dijo Maximiliano.&nbsp;<\/p>\n\n\n\n<p>Otra de las beneficiadas fue Mar\u00eda Jos\u00e9, una peque\u00f1a de 13 a\u00f1os con S\u00edndrome de Down e hipotiroidismo, quien acudi\u00f3 acompa\u00f1ada de su madre Claudia L\u00f3pez Escamilla que se dijo un poco m\u00e1s tranquila tras la vacunaci\u00f3n, toda vez que ella es personal adscrito a los Servicios de Salud y le preocupa de sobremanera el alto riesgo de contagio.\u00a0<\/p>\n\n\n\n<figure class=\"wp-block-embed-twitter wp-block-embed is-type-rich is-provider-twitter\"><div class=\"wp-block-embed__wrapper\">\n<div class=\"twitter-tweet\"><blockquote class=\"twitter-tweet\" data-lang=\"es\"><p lang=\"es\" dir=\"ltr\"><a href=\"https:\/\/twitter.com\/hashtag\/%C3%9AltimoMinuto?src=hash&amp;ref_src=twsrc%5Etfw\">#\u00daltimoMinuto<\/a> <br>Hist\u00f3rico. Tras un amparo de la abogada <a href=\"https:\/\/twitter.com\/AlmaShanandra3?ref_src=twsrc%5Etfw\">@AlmaShanandra3<\/a>, el menor Maximiliano R. F. fue el primero en recibir su dosis contra el Covid-19, en la sede de la Facultad de Medicina de la <a href=\"https:\/\/twitter.com\/UABJO?ref_src=twsrc%5Etfw\">@UABJO<\/a>. <a href=\"https:\/\/t.co\/51BJYsuRWk\">pic.twitter.com\/51BJYsuRWk<\/a><\/p>&mdash; Zona Roja Oaxaca (@Zona_Roja_Oax) <a href=\"https:\/\/twitter.com\/Zona_Roja_Oax\/status\/1438904612363423746?ref_src=twsrc%5Etfw\">17 de septiembre de 2021<\/a><\/blockquote><\/div>\n<\/div><\/figure>\n\n\n\n<p>\u201cNo es un triunfo porque no estamos luchando nadie contra nadie, es un logro que se obtuvo para la salud de mi hija y de los ni\u00f1os oaxaque\u00f1os. Es un derecho de los ni\u00f1os ser vacunados\u201d, dijo la madre de familia.<\/p>\n\n\n\n<p>Finalmente, Alma Franco, la abogada que promovi\u00f3 el primer amparo en Oaxaca, asegur\u00f3 que se trata de triunfo para ella como madre y un regalo para las ni\u00f1as, ni\u00f1os y j\u00f3venes que a partir de este d\u00eda pueden ser vacunados contra la Covid-19.&nbsp;<\/p>\n\n\n\n<p>Aunque asegur\u00f3 que no es su intenci\u00f3n politizar el tema, lament\u00f3 que sea necesario que madres y padres de familia interponga un amparo para que sus hijas e hijos acceden a su derecho a la salud, sin embargo, celebr\u00f3 que la vacunaci\u00f3n sea ya una realidad.\u00a0<\/p>\n\n\n\n<figure class=\"wp-block-embed-twitter wp-block-embed is-type-rich is-provider-twitter\"><div class=\"wp-block-embed__wrapper\">\n<div class=\"twitter-tweet\"><blockquote class=\"twitter-tweet\" data-lang=\"es\"><p lang=\"es\" dir=\"ltr\">\ud83d\udc4f\ud83d\udc4f\ud83d\udc4f\ud83d\udc4f\ud83d\udc4f<br>Final hist\u00f3rico y feliz. Maximiliano expresa su alegr\u00eda tras ser vacunado contra el Covid-19 en <a href=\"https:\/\/twitter.com\/hashtag\/Oaxaca?src=hash&amp;ref_src=twsrc%5Etfw\">#Oaxaca<\/a>. <br>Tuvo que ser mediante un amparo de la justicia federal. <br>Su madre, <a href=\"https:\/\/twitter.com\/AlmaShanandra3?ref_src=twsrc%5Etfw\">@AlmaShanandra3<\/a>, expresa que es un triunfo para la familia. <a href=\"https:\/\/t.co\/dp443PuCln\">pic.twitter.com\/dp443PuCln<\/a><\/p>&mdash; Zona Roja Oaxaca (@Zona_Roja_Oax) <a href=\"https:\/\/twitter.com\/Zona_Roja_Oax\/status\/1438920034542292993?ref_src=twsrc%5Etfw\">17 de septiembre de 2021<\/a><\/blockquote><\/div>\n<\/div><\/figure>\n\n\n\n<p>\u201cEs un triunfo para m\u00ed como mam\u00e1, ya por lo menos s\u00e9 que muchos pap\u00e1s pueden acceder a la vacuna, lastimosamente a trav\u00e9s del juicio de amparo, pero ah\u00ed est\u00e1 la posibilidad que nos permite quitarnos este gran peso de encima y agobio por nuestros hijos\u201d, indic\u00f3.&nbsp;<\/p>\n\n\n\n<p>As\u00ed mismo se\u00f1al\u00f3 que continuar\u00e1 respaldando a tutores que as\u00ed lo deseen y promoviendo juicios de amparo sin ning\u00fan costo, con el \u00fanico fin de acceder a la vacunaci\u00f3n.&nbsp;<\/p>\n","protected":false},"excerpt":{"rendered":"<p>Evlin Arag\u00f3n\/Zona Roja. Oaxaca de Ju\u00e1rez, Oax., 17 de septiembre de 2021.- Luego de un&hellip;<\/p>\n","protected":false},"author":2,"featured_media":32140,"comment_status":"closed","ping_status":"open","sticky":false,"template":"","format":"standard","meta":{"_lmt_disableupdate":"","_lmt_disable":"","_jetpack_memberships_contains_paid_content":false,"footnotes":""},"categories":[109,47],"tags":[1512],"class_list":["post-32139","post","type-post","status-publish","format-standard","has-post-thumbnail","hentry","category-minuto-a-minuto","category-zona-gris","tag-coronavirus-oaxaca"],"jetpack_featured_media_url":"https:\/\/zonaroja.com.mx\/wp-content\/uploads\/2021\/09\/Maximiliano-vacunado-Covid.jpg","jetpack_sharing_enabled":true,"_links":{"self":[{"href":"https:\/\/zonaroja.com.mx\/index.php?rest_route=\/wp\/v2\/posts\/32139","targetHints":{"allow":["GET"]}}],"collection":[{"href":"https:\/\/zonaroja.com.mx\/index.php?rest_route=\/wp\/v2\/posts"}],"about":[{"href":"https:\/\/zonaroja.com.mx\/index.php?rest_route=\/wp\/v2\/types\/post"}],"author":[{"embeddable":true,"href":"https:\/\/zonaroja.com.mx\/index.php?rest_route=\/wp\/v2\/users\/2"}],"replies":[{"embeddable":true,"href":"https:\/\/zonaroja.com.mx\/index.php?rest_route=%2Fwp%2Fv2%2Fcomments&post=32139"}],"version-history":[{"count":1,"href":"https:\/\/zonaroja.com.mx\/index.php?rest_route=\/wp\/v2\/posts\/32139\/revisions"}],"predecessor-version":[{"id":32141,"href":"https:\/\/zonaroja.com.mx\/index.php?rest_route=\/wp\/v2\/posts\/32139\/revisions\/32141"}],"wp:featuredmedia":[{"embeddable":true,"href":"https:\/\/zonaroja.com.mx\/index.php?rest_route=\/wp\/v2\/media\/32140"}],"wp:attachment":[{"href":"https:\/\/zonaroja.com.mx\/index.php?rest_route=%2Fwp%2Fv2%2Fmedia&parent=32139"}],"wp:term":[{"taxonomy":"category","embeddable":true,"href":"https:\/\/zonaroja.com.mx\/index.php?rest_route=%2Fwp%2Fv2%2Fcategories&post=32139"},{"taxonomy":"post_tag","embeddable":true,"href":"https:\/\/zonaroja.com.mx\/index.php?rest_route=%2Fwp%2Fv2%2Ftags&post=32139"}],"curies":[{"name":"wp","href":"https:\/\/api.w.org\/{rel}","templated":true}]}}