{"id":32142,"date":"2021-09-17T15:29:33","date_gmt":"2021-09-17T20:29:33","guid":{"rendered":"http:\/\/www.zonaroja.com.mx\/?p=32142"},"modified":"2021-09-17T15:29:37","modified_gmt":"2021-09-17T20:29:37","slug":"acusan-a-gobierno-estatal-y-federal-de-condenar-a-muerte-a-menores-con-cancer","status":"publish","type":"post","link":"https:\/\/zonaroja.com.mx\/?p=32142","title":{"rendered":"Acusan a gobierno estatal y federal de condenar a muerte a menores con c\u00e1ncer"},"content":{"rendered":"\n<p>Evlin Arag\u00f3n\/Zona Roja.<\/p>\n\n\n\n<p>Oaxaca de Ju\u00e1rez, Oax., 17 de septiembre de 2021.- \u201cSoy pap\u00e1 de Jossy Naomi, vengo a defender su derecho a la vida\u201d; \u201cSoy Mar\u00eda Jos\u00e9 y tengo derecho a la vida y por eso pido quimios YA\u201d; \u201cNuestra lucha no es pol\u00edtica, padres unidos\u201d; \u201cNo al despido injustificado. Nuestros ni\u00f1os oaxaque\u00f1os nos necesitan\u201d.<\/p>\n\n\n\n<p>Son parte de las pancartas con las que este viernes madres y padres de menores de edad con c\u00e1ncer denunciaron que las autoridades estatales y federales est\u00e1n condenando a sus hijas e hijos a muerte con la falta de medicamento y personal m\u00e9dico al interior del Hospital de la Ni\u00f1ez.&nbsp;<\/p>\n\n\n\n<p>En la explanada del templo de Santo Domingo de Guzm\u00e1n de la capital, aseguraron que se trata de la peor crisis que vive el nosocomio, ya que se hace realidad su peor temor de quedarse sin atenci\u00f3n m\u00e9dica, luego del despido del despido del personal m\u00e9dico y de enfermer\u00eda, mismo que es indispensable para continuar con el tratamiento de pacientes con c\u00e1ncer.&nbsp;<\/p>\n\n\n\n<p>\u201cEl gobierno estatal y local han condenado a muerte a mi hijo y a los dem\u00e1s ni\u00f1os que se atienden en el hospital\u201d, dijo ante los medios de comunicaci\u00f3n Luc\u00eda Rojas Mendoza, madre de Lucas, paciente con c\u00e1ncer desde hace seis a\u00f1os.&nbsp;<\/p>\n\n\n\n<p>As\u00ed mismo hizo un llamado a la poblaci\u00f3n para que se una a la exigencia para que sus hijas e hijos sean atendidos por personal m\u00e9dico capacitado y cuenten con el medicamente que requieren para combatir la terrible enfermedad a la que se enfrentan.&nbsp;<\/p>\n\n\n\n<p>\u201cNo dejen morir a nuestros ni\u00f1os, ay\u00fadennos. Al pueblo oaxaque\u00f1o le pedimos que se unan a nuestra lucha. Hoy somos nosotros, ma\u00f1ana pueden ser ustedes. Por favor sean solidarios y ap\u00f3yennos\u201d, refiri\u00f3.&nbsp;<\/p>\n\n\n\n<p>Jerem\u00edas, padre de Jossy Naomi, relat\u00f3 que la crisis es tan profunda que, su peque\u00f1a hija, se encuentra internada con la misma bata desde hace dos d\u00edas debido a que tambi\u00e9n corrieron al personal de limpieza, sin dejar de nombrar que justamente ayer no hab\u00eda ni agujas para canalizarla.<\/p>\n\n\n\n<figure class=\"wp-block-embed-twitter wp-block-embed is-type-rich is-provider-twitter\"><div class=\"wp-block-embed__wrapper\">\n<div class=\"twitter-tweet\"><blockquote class=\"twitter-tweet\" data-lang=\"es\"><p lang=\"es\" dir=\"ltr\"><a href=\"https:\/\/twitter.com\/hashtag\/%C3%9AltimoMinuto?src=hash&amp;ref_src=twsrc%5Etfw\">#\u00daltimoMinuto<\/a> <br>Ante desatenci\u00f3n del <a href=\"https:\/\/twitter.com\/INSABI_mx?ref_src=twsrc%5Etfw\">@INSABI_mx<\/a> y de <a href=\"https:\/\/twitter.com\/SSO_GobOax?ref_src=twsrc%5Etfw\">@SSO_GobOax<\/a>, padres de ni\u00f1os con c\u00e1ncer interceptar\u00e1n al Presidente <a href=\"https:\/\/twitter.com\/lopezobrador_?ref_src=twsrc%5Etfw\">@lopezobrador_<\/a> cuando llegue a Oaxaca, el pr\u00f3ximo lunes, a fin de que se atienda problem\u00e1tica en el Hospital de la Ni\u00f1ez, entre ellas la falta de medicamentos. <a href=\"https:\/\/t.co\/eXDZV8Y5AR\">pic.twitter.com\/eXDZV8Y5AR<\/a><\/p>&mdash; Zona Roja Oaxaca (@Zona_Roja_Oax) <a href=\"https:\/\/twitter.com\/Zona_Roja_Oax\/status\/1438934560344055816?ref_src=twsrc%5Etfw\">17 de septiembre de 2021<\/a><\/blockquote><\/div>\n<\/div><\/figure>\n\n\n\n<p>\u201cNo estamos pidiendo nada fuera de lo normal solamente venimos a exigir el derecho de nuestros hijos. Tienen derecho de vivir, tienen derecho a la salud, solo queremos que volteen a vernos, que se den una vuelta por el hospital y vean lo que estamos pasando\u201d, dijo.&nbsp;&nbsp;<\/p>\n\n\n\n<p>En conjunto, aseguraron que no se trata de un asunto pol\u00edtico, por el contrario, se trata de la defensa del derecho que tienen las ni\u00f1as y ni\u00f1os a la salud, adem\u00e1s de que hicieron hincapi\u00e9 de lo complicado que ya es enfrentarse al c\u00e1ncer y ahora padecer de falta de insumos y personal m\u00e9dico.<\/p>\n\n\n\n<p>\u201cSoy mam\u00e1 de Lili, exigimos quimios\u201d; \u201cSoy mam\u00e1 de Sara\u00ed paciente oncol\u00f3gico, exigimos al gobierno quimios y de vuelta al personal\u201d; \u201cSoy mam\u00e1 de Hugo, mi hijo quiere vivir\u201d; \u201cSoy hermana de Lupita y quiere vivir\u201d; \u201cSoy mam\u00e1 de Jocelin y queremos soluciones, no m\u00e1s despidos de enfermeras; \u201cNecesitamos quimioterapias para vivir\u201d, son otras de las pancartas que se pudieron observar durante la protesta.&nbsp;<\/p>\n\n\n\n<p>Finalmente, indicaron que hasta el momento ninguna autoridad se ha acercado para comentarles c\u00f3mo ser\u00e1 la atenci\u00f3n ante la falta de personal, lo cual muestra la insensibilidad de las autoridades que se mostraron m\u00e1s preocupadas por el festejo del 15 de Septiembre, que por la situaci\u00f3n que enfrenta el sector salud.&nbsp;<\/p>\n\n\n\n<p>\u201cNo te da verg\u00fcenza presumir a ti Murat y a t\u00fa familia vestidos y joyas para lucir en una noche y hacer fiesta, mientras nuestros hijos no tienen quimioterapias\u201d; \u201cSoy Jade, el c\u00e1ncer y enfermedades raras no son una telenovela, es la vida real\u201d; \u201cSoy mam\u00e1 de Marta Elisa y vengo a defender su derecho a la salud y a la vida\u201d, enunciaron las decenas de cartulinas que acompa\u00f1aron la protesta.&nbsp;<\/p>\n\n\n\n<p>De acuerdo con Asociaci\u00f3n M\u00e9dica del Hospital de la Ni\u00f1ez son 18 m\u00e9dicos, 37 enfermeras y 20 miembros del personal de cocina, trabajo social y camilleros, quienes fueron despedidos el pasado 15 de septiembre, ello en perjuicio de las ni\u00f1as y ni\u00f1os que reciben atenci\u00f3n m\u00e9dica al interior del nosocomio.\u00a0<\/p>\n\n\n\n<figure class=\"wp-block-embed-twitter wp-block-embed is-type-rich is-provider-twitter\"><div class=\"wp-block-embed__wrapper\">\n<div class=\"twitter-tweet\"><blockquote class=\"twitter-tweet\" data-lang=\"es\"><p lang=\"es\" dir=\"ltr\"><a href=\"https:\/\/twitter.com\/hashtag\/ENVIVO?src=hash&amp;ref_src=twsrc%5Etfw\">#ENVIVO<\/a><br>Oaxaca de Ju\u00e1rez, Oax., 17 de septiembre de 2021.-Padres de familia de hijos con c\u00e1ncer denuncian nula atenci\u00f3n en el Hospital de la Ni\u00f1ez Oaxaque\u00f1a, tras el despido de personal; asimismo,la falta de insumos y medicamentos. <br>Aqu\u00ed la transmisi\u00f3n:<br>\ud83d\udc47<a href=\"https:\/\/t.co\/VXHl3rwDsY\">https:\/\/t.co\/VXHl3rwDsY<\/a><\/p>&mdash; Zona Roja Oaxaca (@Zona_Roja_Oax) <a href=\"https:\/\/twitter.com\/Zona_Roja_Oax\/status\/1438870607236587521?ref_src=twsrc%5Etfw\">17 de septiembre de 2021<\/a><\/blockquote><\/div>\n<\/div><\/figure>\n","protected":false},"excerpt":{"rendered":"<p>Evlin Arag\u00f3n\/Zona Roja. Oaxaca de Ju\u00e1rez, Oax., 17 de septiembre de 2021.- \u201cSoy pap\u00e1 de&hellip;<\/p>\n","protected":false},"author":2,"featured_media":32143,"comment_status":"closed","ping_status":"open","sticky":false,"template":"","format":"standard","meta":{"_lmt_disableupdate":"","_lmt_disable":"","_jetpack_memberships_contains_paid_content":false,"footnotes":""},"categories":[109,47],"tags":[318],"class_list":["post-32142","post","type-post","status-publish","format-standard","has-post-thumbnail","hentry","category-minuto-a-minuto","category-zona-gris","tag-hospital-de-la-ninez-oaxaquena"],"jetpack_featured_media_url":"https:\/\/zonaroja.com.mx\/wp-content\/uploads\/2021\/09\/Protesta-padres-ninos-con-cancer-Oaxaca.jpg","jetpack_sharing_enabled":true,"_links":{"self":[{"href":"https:\/\/zonaroja.com.mx\/index.php?rest_route=\/wp\/v2\/posts\/32142","targetHints":{"allow":["GET"]}}],"collection":[{"href":"https:\/\/zonaroja.com.mx\/index.php?rest_route=\/wp\/v2\/posts"}],"about":[{"href":"https:\/\/zonaroja.com.mx\/index.php?rest_route=\/wp\/v2\/types\/post"}],"author":[{"embeddable":true,"href":"https:\/\/zonaroja.com.mx\/index.php?rest_route=\/wp\/v2\/users\/2"}],"replies":[{"embeddable":true,"href":"https:\/\/zonaroja.com.mx\/index.php?rest_route=%2Fwp%2Fv2%2Fcomments&post=32142"}],"version-history":[{"count":1,"href":"https:\/\/zonaroja.com.mx\/index.php?rest_route=\/wp\/v2\/posts\/32142\/revisions"}],"predecessor-version":[{"id":32144,"href":"https:\/\/zonaroja.com.mx\/index.php?rest_route=\/wp\/v2\/posts\/32142\/revisions\/32144"}],"wp:featuredmedia":[{"embeddable":true,"href":"https:\/\/zonaroja.com.mx\/index.php?rest_route=\/wp\/v2\/media\/32143"}],"wp:attachment":[{"href":"https:\/\/zonaroja.com.mx\/index.php?rest_route=%2Fwp%2Fv2%2Fmedia&parent=32142"}],"wp:term":[{"taxonomy":"category","embeddable":true,"href":"https:\/\/zonaroja.com.mx\/index.php?rest_route=%2Fwp%2Fv2%2Fcategories&post=32142"},{"taxonomy":"post_tag","embeddable":true,"href":"https:\/\/zonaroja.com.mx\/index.php?rest_route=%2Fwp%2Fv2%2Ftags&post=32142"}],"curies":[{"name":"wp","href":"https:\/\/api.w.org\/{rel}","templated":true}]}}