{"id":32145,"date":"2021-09-17T15:43:58","date_gmt":"2021-09-17T20:43:58","guid":{"rendered":"http:\/\/www.zonaroja.com.mx\/?p=32145"},"modified":"2021-09-17T15:44:03","modified_gmt":"2021-09-17T20:44:03","slug":"demandan-legisladores-electos-recontratacion-de-personal-de-salud","status":"publish","type":"post","link":"https:\/\/zonaroja.com.mx\/?p=32145","title":{"rendered":"Demandan legisladores electos recontrataci\u00f3n de personal de salud"},"content":{"rendered":"\n<p>Redacci\u00f3n\/Zona Roja.<\/p>\n\n\n\n<p>Oaxaca de Ju\u00e1rez, Oax. 17 de septiembre de 2021. Diputadas y diputados electos que ser\u00e1n integrantes de la 65 Legislatura de Oaxaca, exigieron al gobierno estatal la recontrataci\u00f3n inmediata de personal m\u00e9dico despedido recientemente.<\/p>\n\n\n\n<p>El legislador elector C\u00e9sar Mateos Ben\u00edtez, inst\u00f3 la realizaci\u00f3n de una reingenier\u00eda integral del Gobierno del Estado para eliminar los gastos suntuosos e innecesarios, disminuyendo radicalmente las partidas para Comunicaci\u00f3n Social y para la Consejer\u00eda Jur\u00eddica y desapareciendo dependencias sin sentido.<\/p>\n\n\n\n<p>En tanto. la diputada electa Melina Hern\u00e1ndez Sosa, solicit\u00f3 al Ejecutivo estatal el establecimiento de mesas de di\u00e1logo, para la soluci\u00f3n a largo plazo de los graves y a\u00f1ejos problemas relacionados con la atenci\u00f3n a la salud de las oaxaque\u00f1as y los oaxaque\u00f1os.<\/p>\n\n\n\n<p>Le preocupa el despido de personal m\u00e9dico especialista en el Hospital de la Ni\u00f1ez y en hospitales ubicados en regiones con poblaci\u00f3n mayoritariamente ind\u00edgena como el caso de Ixtl\u00e1n de Ju\u00e1rez.<\/p>\n\n\n\n<p>Los congresistas electos se\u00f1alaron que \u201cla decisi\u00f3n del despido del personal m\u00e9dico de Oaxaca es inconstitucional, carece de \u00e9tica, de moral y de sentido com\u00fan\u201d, por parte del Gobierno del Estado.<\/p>\n\n\n\n<p>Los representantes populares consideraron inconcebible el hecho de que en el contexto que representa la pandemia por Covid-19, se est\u00e9 despidiendo al personal m\u00e9dico de los hospitales p\u00fablicos de Oaxaca. Es necesario garantizar el derecho a la salud.<\/p>\n\n\n\n<p>Rechazaron el argumento gobierno estatal, quien defiende su decisi\u00f3n de que no existe partida presupuestaria para el pago de los honorarios de las y los trabajadores de salud despedidos: es necesario una reingenier\u00eda financiera que disminuya gastos en \u00e1reas poco necesarias y d\u00e9 prioridad al derecho humano que el pueblo de Oaxaca tiene a la salud.<\/p>\n\n\n\n<p>Los Congresistas electos fueron claros al exponer que existe incongruencia en el manejo de los recursos p\u00fablicos en el Gobierno del Estado, pues &#8211;se\u00f1alaron&#8211; tan solo en este a\u00f1o, en publicidad el ejecutivo estatal recibi\u00f3 238 millones 428 mil 48 pesos, cifra que representa 500% frente a los 47 millones 668 mil 792 pesos que recibi\u00f3 el Hospital de la Ni\u00f1ez Oaxaque\u00f1a.<\/p>\n\n\n\n<p>Misma situaci\u00f3n en la Consejer\u00eda Jur\u00eddica del Gobierno del Estado, dependencia que recibi\u00f3 341 millones 682 mil 262 pesos, que es m\u00e1s de siete veces el presupuesto del mismo hospital.<\/p>\n\n\n\n<p>\u201cEs necesaria una reingenier\u00eda, s\u00ed, pero no para dejar sin servicios m\u00e9dicos a la poblaci\u00f3n, sino para acabar con el dispendio gubernamental y con los elefantes blancos, dependencias que no aportan a la soluci\u00f3n de los graves problemas de la gente com\u00fan de Oaxaca, y que han servido b\u00e1sicamente para succionar el dinero del pueblo\u201d expres\u00f3 C\u00e9sar Mateos Ben\u00edtez.<\/p>\n","protected":false},"excerpt":{"rendered":"<p>Redacci\u00f3n\/Zona Roja. Oaxaca de Ju\u00e1rez, Oax. 17 de septiembre de 2021. Diputadas y diputados electos&hellip;<\/p>\n","protected":false},"author":2,"featured_media":32146,"comment_status":"closed","ping_status":"open","sticky":false,"template":"","format":"standard","meta":{"_lmt_disableupdate":"","_lmt_disable":"","_jetpack_memberships_contains_paid_content":false,"footnotes":""},"categories":[109,47],"tags":[2387,2892],"class_list":["post-32145","post","type-post","status-publish","format-standard","has-post-thumbnail","hentry","category-minuto-a-minuto","category-zona-gris","tag-cesar-mateos-benitez","tag-melina-hernandez-sosa"],"jetpack_featured_media_url":"https:\/\/zonaroja.com.mx\/wp-content\/uploads\/2021\/09\/Trabajadores-despedidos-Servicios-de-Salud-Oaxaca.jpg","jetpack_sharing_enabled":true,"_links":{"self":[{"href":"https:\/\/zonaroja.com.mx\/index.php?rest_route=\/wp\/v2\/posts\/32145","targetHints":{"allow":["GET"]}}],"collection":[{"href":"https:\/\/zonaroja.com.mx\/index.php?rest_route=\/wp\/v2\/posts"}],"about":[{"href":"https:\/\/zonaroja.com.mx\/index.php?rest_route=\/wp\/v2\/types\/post"}],"author":[{"embeddable":true,"href":"https:\/\/zonaroja.com.mx\/index.php?rest_route=\/wp\/v2\/users\/2"}],"replies":[{"embeddable":true,"href":"https:\/\/zonaroja.com.mx\/index.php?rest_route=%2Fwp%2Fv2%2Fcomments&post=32145"}],"version-history":[{"count":1,"href":"https:\/\/zonaroja.com.mx\/index.php?rest_route=\/wp\/v2\/posts\/32145\/revisions"}],"predecessor-version":[{"id":32147,"href":"https:\/\/zonaroja.com.mx\/index.php?rest_route=\/wp\/v2\/posts\/32145\/revisions\/32147"}],"wp:featuredmedia":[{"embeddable":true,"href":"https:\/\/zonaroja.com.mx\/index.php?rest_route=\/wp\/v2\/media\/32146"}],"wp:attachment":[{"href":"https:\/\/zonaroja.com.mx\/index.php?rest_route=%2Fwp%2Fv2%2Fmedia&parent=32145"}],"wp:term":[{"taxonomy":"category","embeddable":true,"href":"https:\/\/zonaroja.com.mx\/index.php?rest_route=%2Fwp%2Fv2%2Fcategories&post=32145"},{"taxonomy":"post_tag","embeddable":true,"href":"https:\/\/zonaroja.com.mx\/index.php?rest_route=%2Fwp%2Fv2%2Ftags&post=32145"}],"curies":[{"name":"wp","href":"https:\/\/api.w.org\/{rel}","templated":true}]}}