{"id":32151,"date":"2021-09-17T21:31:48","date_gmt":"2021-09-18T02:31:48","guid":{"rendered":"http:\/\/www.zonaroja.com.mx\/?p=32151"},"modified":"2021-09-17T21:31:52","modified_gmt":"2021-09-18T02:31:52","slug":"cumple-24-horas-bloque-en-periferico-de-oaxaca-capital","status":"publish","type":"post","link":"https:\/\/zonaroja.com.mx\/?p=32151","title":{"rendered":"Cumple 24 horas bloque en Perif\u00e9rico de Oaxaca capital"},"content":{"rendered":"\n<p>Ismael Garc\u00eda M.\/Zona Roja.<\/p>\n\n\n\n<p>Oaxaca de Ju\u00e1rez, Oax., 17 de septiembre de 2021.- El bloqueo en el Perif\u00e9rico de la ciudad de Oaxaca cumple 24 horas, sin que la autoridad municipal atienda la demanda de los comerciantes del Mercado de Abasto.<\/p>\n\n\n\n<p>Anoche, poco despu\u00e9s de las 21:00 horas, elementos de la polic\u00eda municipal agredieron a uno de los vendedores de ese centro comercial popular, tras una presunta revisi\u00f3n, lo que gener\u00f3 la irritaci\u00f3n de los locatarios, que pr\u00e1cticamente corrieron a los uniformados.<\/p>\n\n\n\n<p>El saldo fue de al menos tres personas lesionadas, varias detonaciones de arma de fuego y lanzamiento de gas lacrim\u00f3geno. Tras ello, los comerciantes bloquearon la avenida Perif\u00e9rico y hasta el momento no han tenido ning\u00fan tipo de atenci\u00f3n por parte del ayuntamiento.<\/p>\n\n\n\n<p>\u201cNing\u00fan representante del municipio ha venido; no les interesa porque ni siquiera un representante de ellos ha llegado. Nos vamos a quedar por tiempo indefinido hasta que seamos atendidos.<\/p>\n\n\n\n<p>\u201cEstamos pidiendo una atenci\u00f3n justa, no es posible que dentro del protocolo hayan hecho esto; por qu\u00e9 no atacan a los delincuentes como hacen a los comerciantes.<\/p>\n\n\n\n<figure class=\"wp-block-embed-twitter wp-block-embed is-type-rich is-provider-twitter\"><div class=\"wp-block-embed__wrapper\">\n<div class=\"twitter-tweet\"><blockquote class=\"twitter-tweet\" data-lang=\"es\"><p lang=\"es\" dir=\"ltr\"><a href=\"https:\/\/twitter.com\/hashtag\/%C3%9AltimoMinuto?src=hash&amp;ref_src=twsrc%5Etfw\">#\u00daltimoMinuto<\/a> <br>Est\u00e1n por cumplirse 24 horas de bloqueo al Perif\u00e9rico y ninguna autoridad del <a href=\"https:\/\/twitter.com\/MunicipioOaxaca?ref_src=twsrc%5Etfw\">@MunicipioOaxaca<\/a> se ha acercado a dialogar con los comerciantes de la Central de a#Abasto, que exigen la renuncia del director de <a href=\"https:\/\/twitter.com\/MunicipioSeguro?ref_src=twsrc%5Etfw\">@MunicipioSeguro<\/a>, <a href=\"https:\/\/twitter.com\/MarcosFredy_HL?ref_src=twsrc%5Etfw\">@MarcosFredy_HL<\/a>. <a href=\"https:\/\/t.co\/aM4OQCwLcw\">pic.twitter.com\/aM4OQCwLcw<\/a><\/p>&mdash; Zona Roja Oaxaca (@Zona_Roja_Oax) <a href=\"https:\/\/twitter.com\/Zona_Roja_Oax\/status\/1439016897723387910?ref_src=twsrc%5Etfw\">18 de septiembre de 2021<\/a><\/blockquote><\/div>\n<\/div><\/figure>\n\n\n\n<p>\u201cNosotros no defendemos a los delincuentes y que se investigue a cada uno de los compa\u00f1eros, que son gente de trabajo; estamos hartos, la delincuencia en el Mercado de Abasto ha crecido por el que tiene que cuidar el orden que es el director de seguridad, Marcos Fredy Hern\u00e1ndez\u201d.<\/p>\n\n\n\n<p>As\u00ed lo asever\u00f3 Gonzalo Rodr\u00edguez Cort\u00e9s, secretario General de la organizaci\u00f3n \u201c15 de Septiembre\u201d, quien encabeza la manifestaci\u00f3n, pues uno de sus hijos fue agredido anoche.<\/p>\n\n\n\n<p>Por su parte, a trav\u00e9s de un comunicado, el ayuntamiento que encabeza el edil Oswaldo Garc\u00eda Jarqu\u00edn se limit\u00f3 a informar que se investigan los hechos a trav\u00e9s del \u00e1rea interna de la polic\u00eda. Culp\u00f3 a los comerciantes de iniciar las agresiones, cuando se pretend\u00eda reconvenir a un ciudadano.<\/p>\n\n\n\n<p>\u201cLa Direcci\u00f3n de Seguridad P\u00fablica, Vialidad y Protecci\u00f3n Ciudadana del Ayuntamiento de Oaxaca de Ju\u00e1rez informa que tras los hechos suscitados la noche del jueves en la zona de la Mercado de Abasto, en la que se vieron involucrados polic\u00edas municipales y comerciantes en una presunta ri\u00f1a, la Unidad de Asuntos Internos ha tomado conocimiento del caso\u201d, expuso.<\/p>\n\n\n\n<figure class=\"wp-block-embed-twitter wp-block-embed is-type-rich is-provider-twitter\"><div class=\"wp-block-embed__wrapper\">\n<div class=\"twitter-tweet\"><blockquote class=\"twitter-tweet\" data-lang=\"es\"><p lang=\"es\" dir=\"ltr\"><a href=\"https:\/\/twitter.com\/hashtag\/ENVIVO?src=hash&amp;ref_src=twsrc%5Etfw\">#ENVIVO<\/a> <br>Oaxaca de Ju\u00e1rez, a 17 de septiembre de 2016. Contin\u00faa el bloqueo al perif\u00e9rico en inmediaciones del Mercado de Abasto.<br>Exigen la destituci\u00f3n de <a href=\"https:\/\/twitter.com\/MarcosFredy_HL?ref_src=twsrc%5Etfw\">@MarcosFredy_HL<\/a>. <br>Aqu\u00ed la transmisi\u00f3n:<br>\ud83d\udc47<a href=\"https:\/\/t.co\/ijjVtpr25Q\">https:\/\/t.co\/ijjVtpr25Q<\/a><\/p>&mdash; Zona Roja Oaxaca (@Zona_Roja_Oax) <a href=\"https:\/\/twitter.com\/Zona_Roja_Oax\/status\/1438892123491864581?ref_src=twsrc%5Etfw\">17 de septiembre de 2021<\/a><\/blockquote><\/div>\n<\/div><\/figure>\n","protected":false},"excerpt":{"rendered":"<p>Ismael Garc\u00eda M.\/Zona Roja. Oaxaca de Ju\u00e1rez, Oax., 17 de septiembre de 2021.- El bloqueo&hellip;<\/p>\n","protected":false},"author":2,"featured_media":32152,"comment_status":"closed","ping_status":"open","sticky":false,"template":"","format":"standard","meta":{"_lmt_disableupdate":"","_lmt_disable":"","_jetpack_memberships_contains_paid_content":false,"footnotes":""},"categories":[109,47],"tags":[2315],"class_list":["post-32151","post","type-post","status-publish","format-standard","has-post-thumbnail","hentry","category-minuto-a-minuto","category-zona-gris","tag-ayuntamiento-de-oaxaca-de-juarez"],"jetpack_featured_media_url":"https:\/\/zonaroja.com.mx\/wp-content\/uploads\/2021\/09\/Bloqueo-Periferico-ciudad-de-Oaxac.jpg","jetpack_sharing_enabled":true,"_links":{"self":[{"href":"https:\/\/zonaroja.com.mx\/index.php?rest_route=\/wp\/v2\/posts\/32151","targetHints":{"allow":["GET"]}}],"collection":[{"href":"https:\/\/zonaroja.com.mx\/index.php?rest_route=\/wp\/v2\/posts"}],"about":[{"href":"https:\/\/zonaroja.com.mx\/index.php?rest_route=\/wp\/v2\/types\/post"}],"author":[{"embeddable":true,"href":"https:\/\/zonaroja.com.mx\/index.php?rest_route=\/wp\/v2\/users\/2"}],"replies":[{"embeddable":true,"href":"https:\/\/zonaroja.com.mx\/index.php?rest_route=%2Fwp%2Fv2%2Fcomments&post=32151"}],"version-history":[{"count":1,"href":"https:\/\/zonaroja.com.mx\/index.php?rest_route=\/wp\/v2\/posts\/32151\/revisions"}],"predecessor-version":[{"id":32153,"href":"https:\/\/zonaroja.com.mx\/index.php?rest_route=\/wp\/v2\/posts\/32151\/revisions\/32153"}],"wp:featuredmedia":[{"embeddable":true,"href":"https:\/\/zonaroja.com.mx\/index.php?rest_route=\/wp\/v2\/media\/32152"}],"wp:attachment":[{"href":"https:\/\/zonaroja.com.mx\/index.php?rest_route=%2Fwp%2Fv2%2Fmedia&parent=32151"}],"wp:term":[{"taxonomy":"category","embeddable":true,"href":"https:\/\/zonaroja.com.mx\/index.php?rest_route=%2Fwp%2Fv2%2Fcategories&post=32151"},{"taxonomy":"post_tag","embeddable":true,"href":"https:\/\/zonaroja.com.mx\/index.php?rest_route=%2Fwp%2Fv2%2Ftags&post=32151"}],"curies":[{"name":"wp","href":"https:\/\/api.w.org\/{rel}","templated":true}]}}