{"id":32154,"date":"2021-09-17T22:19:18","date_gmt":"2021-09-18T03:19:18","guid":{"rendered":"http:\/\/www.zonaroja.com.mx\/?p=32154"},"modified":"2021-09-17T22:19:23","modified_gmt":"2021-09-18T03:19:23","slug":"oaxaca-rebasa-las-5-mil-muertes-por-covid-seguira-en-semaforo-amarillo","status":"publish","type":"post","link":"https:\/\/zonaroja.com.mx\/?p=32154","title":{"rendered":"Oaxaca rebasa las 5 mil muertes por Covid; seguir\u00e1 en sem\u00e1foro amarillo"},"content":{"rendered":"\n<p>Redacci\u00f3n\/Zona Roja.<\/p>\n\n\n\n<p>Oaxaca de Ju\u00e1rez, Oax. 17 de septiembre de 2021.- Oaxaca registr\u00f3 este 17 de septiembre, 73 mil 340 casos por COVID-19, cifra que alcanz\u00f3 tras sumar 113 nuevos contagios en las \u00faltimas 24 horas, los cuales se identificaron en 33 municipios, con un comportamiento estable de la pandemia, informaron los Servicios de Salud de Oaxaca (SSO).<\/p>\n\n\n\n<p>Durante el informe t\u00e9cnico epidemiol\u00f3gico del avance de la emergencia sanitaria, la instituci\u00f3n, destac\u00f3 tambi\u00e9n, que la entidad rebas\u00f3 este d\u00eda los cinco mil fallecimientos a causa del coronavirus, al reportar un global de cinco mil cinco muertes, 14 m\u00e1s que el d\u00eda de ayer.<\/p>\n\n\n\n<p>Enfatiz\u00f3 que para este viernes Salina Cruz se coloc\u00f3 a la cabeza con el mayor n\u00famero de contagios diarios, al contabilizar 22 casos, seguido de Oaxaca de Ju\u00e1rez con 17, Villa de Zaachila con 10, Cuil\u00e1pam de Guerrero con nueve y Miahuatl\u00e1n de Porfirio D\u00edaz con seis, por mencionar algunos.<\/p>\n\n\n\n<p>Asimismo, hay un total de 130 mil 200 personas con s\u00edntomas relacionado a la enfermedad desde el inicio de la emergencia sanitaria, 50 mil 844 son casos negativos, seis mil 16 son sospechosos, hay un global de 67 mil 36 recuperados y mil 299 son pacientes con la enfermedad en etapa activa, distribuidos en 153 municipios.<\/p>\n\n\n\n<figure class=\"wp-block-embed-twitter wp-block-embed is-type-rich is-provider-twitter\"><div class=\"wp-block-embed__wrapper\">\n<div class=\"twitter-tweet\"><blockquote class=\"twitter-tweet\" data-lang=\"es\"><p lang=\"es\" dir=\"ltr\"><a href=\"https:\/\/twitter.com\/hashtag\/%C3%9AltimoMinuto?src=hash&amp;ref_src=twsrc%5Etfw\">#\u00daltimoMinuto<\/a><br>Los Servicios de Salud de <a href=\"https:\/\/twitter.com\/hashtag\/Oaxaca?src=hash&amp;ref_src=twsrc%5Etfw\">#Oaxaca<\/a> reportaron yo 113 casos positivos a Covid, con lo que suman 73 mil 340 casos confirmados.<br>Asimismo, 14 decesos, para un total de 5 mil 5 fallecimientos.<br>Hay 11 nosocomios saturados; ocupaci\u00f3n hospitalaria global de 56.9%. <a href=\"https:\/\/t.co\/ZTpnvBHDe4\">pic.twitter.com\/ZTpnvBHDe4<\/a><\/p>&mdash; Zona Roja Oaxaca (@Zona_Roja_Oax) <a href=\"https:\/\/twitter.com\/Zona_Roja_Oax\/status\/1439047551659937795?ref_src=twsrc%5Etfw\">18 de septiembre de 2021<\/a><\/blockquote><\/div>\n<\/div><\/figure>\n\n\n\n<p>Seg\u00fan la estad\u00edstica estatal, Valles Centrales tiene un acumulado de 44 mil 536 contagios, dos mil 243 muertes y 512 casos activos, seguido por el Istmo con nueve mil 982 casos, mil 84 fallecimientos y 495 activos; Tuxtepec con cinco mil 56 casos, 472 muertes y 87 activos; Costa con cinco mil 465 casos, 433 muertes y 92 activos; Mixteca con cinco mil 834 casos, 506 decesos y 55 activos; Sierra con dos ml 467 casos, 267 fallecimientos y 58 activos.<\/p>\n\n\n\n<p>Por otra parte, la red hospitalaria cuantific\u00f3 una reducci\u00f3n del 56.9% en ocupaci\u00f3n de camas en esta jornada, tras contabilizarse 13 nuevos ingresos, para un total de 297 personas hospitalizadas a causa de la enfermedad.<\/p>\n\n\n\n<p>En este \u00faltimo corte son 11 los nosocomios que se encuentra 100% de saturaci\u00f3n m\u00e9dica. Por Jurisdicci\u00f3n Sanitaria: Valles Centrales registra el 60.4%, Istmo 62.5%, Tuxtepec 63%, Costa 32.7%, Mixteca 59.1% y la Sierra no presenta pacientes hospitalizados.<\/p>\n\n\n\n<p>Los SSO reiteran el llamado a respetar la sana distancia, el uso correcto del cubrebocas, as\u00ed como el lavado de manos con agua y jab\u00f3n de manera frecuente, evitar lugares aglomerados y con poca ventilaci\u00f3n, para mitigar la propagaci\u00f3n del SARS-CoV-2 en la entidad.<\/p>\n\n\n\n<figure class=\"wp-block-embed-twitter wp-block-embed is-type-rich is-provider-twitter\"><div class=\"wp-block-embed__wrapper\">\n<div class=\"twitter-tweet\"><blockquote class=\"twitter-tweet\" data-lang=\"es\"><p lang=\"es\" dir=\"ltr\"><a href=\"https:\/\/twitter.com\/hashtag\/%C3%9AltimoMinuto?src=hash&amp;ref_src=twsrc%5Etfw\">#\u00daltimoMinuto<\/a> <br>Va <a href=\"https:\/\/twitter.com\/hashtag\/Oaxaca?src=hash&amp;ref_src=twsrc%5Etfw\">#Oaxaca<\/a> otros 15 d\u00edas a sem\u00e1foro amarillo por Covid-19. <br>En <a href=\"https:\/\/twitter.com\/hashtag\/M%C3%A9xico?src=hash&amp;ref_src=twsrc%5Etfw\">#M\u00e9xico<\/a> ya no hay ning\u00fan estado en rojo; son cuatro en naranja, 24 en amarillo y cuatro en verde. <a href=\"https:\/\/t.co\/PWGWS0jVle\">pic.twitter.com\/PWGWS0jVle<\/a><\/p>&mdash; Zona Roja Oaxaca (@Zona_Roja_Oax) <a href=\"https:\/\/twitter.com\/Zona_Roja_Oax\/status\/1439003250196365316?ref_src=twsrc%5Etfw\">17 de septiembre de 2021<\/a><\/blockquote><\/div>\n<\/div><\/figure>\n","protected":false},"excerpt":{"rendered":"<p>Redacci\u00f3n\/Zona Roja. Oaxaca de Ju\u00e1rez, Oax. 17 de septiembre de 2021.- Oaxaca registr\u00f3 este 17&hellip;<\/p>\n","protected":false},"author":2,"featured_media":32155,"comment_status":"closed","ping_status":"open","sticky":false,"template":"","format":"standard","meta":{"_lmt_disableupdate":"","_lmt_disable":"","_jetpack_memberships_contains_paid_content":false,"footnotes":""},"categories":[109,47],"tags":[1512],"class_list":["post-32154","post","type-post","status-publish","format-standard","has-post-thumbnail","hentry","category-minuto-a-minuto","category-zona-gris","tag-coronavirus-oaxaca"],"jetpack_featured_media_url":"https:\/\/zonaroja.com.mx\/wp-content\/uploads\/2021\/09\/17-de-septiembre-de-2021.-Comunicado-Tecnico-.jpg","jetpack_sharing_enabled":true,"_links":{"self":[{"href":"https:\/\/zonaroja.com.mx\/index.php?rest_route=\/wp\/v2\/posts\/32154","targetHints":{"allow":["GET"]}}],"collection":[{"href":"https:\/\/zonaroja.com.mx\/index.php?rest_route=\/wp\/v2\/posts"}],"about":[{"href":"https:\/\/zonaroja.com.mx\/index.php?rest_route=\/wp\/v2\/types\/post"}],"author":[{"embeddable":true,"href":"https:\/\/zonaroja.com.mx\/index.php?rest_route=\/wp\/v2\/users\/2"}],"replies":[{"embeddable":true,"href":"https:\/\/zonaroja.com.mx\/index.php?rest_route=%2Fwp%2Fv2%2Fcomments&post=32154"}],"version-history":[{"count":1,"href":"https:\/\/zonaroja.com.mx\/index.php?rest_route=\/wp\/v2\/posts\/32154\/revisions"}],"predecessor-version":[{"id":32156,"href":"https:\/\/zonaroja.com.mx\/index.php?rest_route=\/wp\/v2\/posts\/32154\/revisions\/32156"}],"wp:featuredmedia":[{"embeddable":true,"href":"https:\/\/zonaroja.com.mx\/index.php?rest_route=\/wp\/v2\/media\/32155"}],"wp:attachment":[{"href":"https:\/\/zonaroja.com.mx\/index.php?rest_route=%2Fwp%2Fv2%2Fmedia&parent=32154"}],"wp:term":[{"taxonomy":"category","embeddable":true,"href":"https:\/\/zonaroja.com.mx\/index.php?rest_route=%2Fwp%2Fv2%2Fcategories&post=32154"},{"taxonomy":"post_tag","embeddable":true,"href":"https:\/\/zonaroja.com.mx\/index.php?rest_route=%2Fwp%2Fv2%2Ftags&post=32154"}],"curies":[{"name":"wp","href":"https:\/\/api.w.org\/{rel}","templated":true}]}}