{"id":32157,"date":"2021-09-18T07:34:58","date_gmt":"2021-09-18T12:34:58","guid":{"rendered":"http:\/\/www.zonaroja.com.mx\/?p=32157"},"modified":"2021-09-18T07:35:01","modified_gmt":"2021-09-18T12:35:01","slug":"acepta-eu-que-por-error-mato-a-10-civiles-en-afganistan-hoy-otro-ataque","status":"publish","type":"post","link":"https:\/\/zonaroja.com.mx\/?p=32157","title":{"rendered":"Acepta EU que \u201cpor error\u201d mat\u00f3 a 10 civiles en Afganist\u00e1n; hoy otro ataque"},"content":{"rendered":"\n<p>Redacci\u00f3n\/Zona Roja Cdmx.<\/p>\n\n\n\n<p>Ciudad de M\u00e9xico, 18 de septiembre de 2021.- El gobierno de los Estados Unidos de Norteam\u00e9rica acept\u00f3 que \u201cpor error\u201d mat\u00f3 a 10 civiles en Afganist\u00e1n, el pasado 29 de agosto, en un ataque lanzado con drones.<\/p>\n\n\n\n<p>Ayer, el secretario de Defensa, Lloy Austin, ofreci\u00f3 disculpas y dijo que aceptaron la falla tras revisar las evidencias.<\/p>\n\n\n\n<p>\u201cOfrezco mis m\u00e1s profundas condolencias a los familiares vivos de los fallecidos\u201d, indic\u00f3 en un comunicado, en el que reconoci\u00f3 que el hombre atacado era s\u00f3lo una v\u00edctima inocente, como los dem\u00e1s tr\u00e1gicamente asesinados.<\/p>\n\n\n\n<p>\u201cTrabajaremos para aprender de este horrible error\u201d, a\u00f1adi\u00f3, poco despu\u00e9s de que el ej\u00e9rcito estadunidense admiti\u00f3 que el ataque con drones fue una equivocaci\u00f3n.<\/p>\n\n\n\n<p>\u201cNing\u00fan ej\u00e9rcito se esfuerza tanto como el nuestro por evitar las bajas civiles. Cuando tenemos motivos para creer que hemos segado vidas inocentes, investigamos y, si es cierto, lo admitimos\u201d, asever\u00f3.<\/p>\n\n\n\n<p>Durante varios d\u00edas despu\u00e9s del ataque del 29 de agosto, los funcionarios del Pent\u00e1gono afirmaron que se llev\u00f3 a cabo correctamente, a pesar de las muertes de civiles.<\/p>\n\n\n\n<p>\u201cAhora estoy convencido de que hasta 10 civiles, incluidos siete ni\u00f1os, murieron tr\u00e1gicamente en ese ataque, expres\u00f3 a su vez Frank Mackenzie, jefe del Comando Central.<\/p>\n\n\n\n<p>Las organizaciones de noticias pusieron en duda esa versi\u00f3n de los hechos, e informaron que el conductor del veh\u00edculo atacado era empleado de una organizaci\u00f3n humanitaria estadunidense desde hac\u00eda mucho tiempo, adem\u00e1s de se\u00f1alar la ausencia de pruebas que apoyaran la afirmaci\u00f3n del Pent\u00e1gono de que el veh\u00edculo conten\u00eda explosivos.<\/p>\n\n\n\n<p>OTRO ATAQUE<\/p>\n\n\n\n<p>Pese a ello, este s\u00e1bado se report\u00f3 otro ataque armado en Afganist\u00e1n, con saldo preliminar de dos muertos y unas 20 personas lesionadas.<\/p>\n\n\n\n<p>El ataque ocurri\u00f3 contra la poblaci\u00f3n de Jalalabad y en la ciudad de Kabul, donde fueron arrojadas dos bombas contra veh\u00edculos de fuerzas de seguridad de los talibanes.<\/p>\n\n\n\n<p>(Con informaci\u00f3n de \u201cLa Jornada\u201d y \u201cABC\u201d)<\/p>\n","protected":false},"excerpt":{"rendered":"<p>Redacci\u00f3n\/Zona Roja Cdmx. Ciudad de M\u00e9xico, 18 de septiembre de 2021.- El gobierno de los&hellip;<\/p>\n","protected":false},"author":2,"featured_media":32158,"comment_status":"closed","ping_status":"open","sticky":false,"template":"","format":"standard","meta":{"_lmt_disableupdate":"","_lmt_disable":"","_jetpack_memberships_contains_paid_content":false,"footnotes":""},"categories":[109,47],"tags":[2854],"class_list":["post-32157","post","type-post","status-publish","format-standard","has-post-thumbnail","hentry","category-minuto-a-minuto","category-zona-gris","tag-kabul-afganistan"],"jetpack_featured_media_url":"https:\/\/zonaroja.com.mx\/wp-content\/uploads\/2021\/09\/Ataques-Afganistan.jpg","jetpack_sharing_enabled":true,"_links":{"self":[{"href":"https:\/\/zonaroja.com.mx\/index.php?rest_route=\/wp\/v2\/posts\/32157","targetHints":{"allow":["GET"]}}],"collection":[{"href":"https:\/\/zonaroja.com.mx\/index.php?rest_route=\/wp\/v2\/posts"}],"about":[{"href":"https:\/\/zonaroja.com.mx\/index.php?rest_route=\/wp\/v2\/types\/post"}],"author":[{"embeddable":true,"href":"https:\/\/zonaroja.com.mx\/index.php?rest_route=\/wp\/v2\/users\/2"}],"replies":[{"embeddable":true,"href":"https:\/\/zonaroja.com.mx\/index.php?rest_route=%2Fwp%2Fv2%2Fcomments&post=32157"}],"version-history":[{"count":1,"href":"https:\/\/zonaroja.com.mx\/index.php?rest_route=\/wp\/v2\/posts\/32157\/revisions"}],"predecessor-version":[{"id":32159,"href":"https:\/\/zonaroja.com.mx\/index.php?rest_route=\/wp\/v2\/posts\/32157\/revisions\/32159"}],"wp:featuredmedia":[{"embeddable":true,"href":"https:\/\/zonaroja.com.mx\/index.php?rest_route=\/wp\/v2\/media\/32158"}],"wp:attachment":[{"href":"https:\/\/zonaroja.com.mx\/index.php?rest_route=%2Fwp%2Fv2%2Fmedia&parent=32157"}],"wp:term":[{"taxonomy":"category","embeddable":true,"href":"https:\/\/zonaroja.com.mx\/index.php?rest_route=%2Fwp%2Fv2%2Fcategories&post=32157"},{"taxonomy":"post_tag","embeddable":true,"href":"https:\/\/zonaroja.com.mx\/index.php?rest_route=%2Fwp%2Fv2%2Ftags&post=32157"}],"curies":[{"name":"wp","href":"https:\/\/api.w.org\/{rel}","templated":true}]}}