{"id":32163,"date":"2021-09-18T07:56:51","date_gmt":"2021-09-18T12:56:51","guid":{"rendered":"http:\/\/www.zonaroja.com.mx\/?p=32163"},"modified":"2021-09-18T07:56:55","modified_gmt":"2021-09-18T12:56:55","slug":"eventuales-del-sector-salud-exponen-problematica-a-murat","status":"publish","type":"post","link":"https:\/\/zonaroja.com.mx\/?p=32163","title":{"rendered":"Eventuales del sector Salud exponen problem\u00e1tica a Murat"},"content":{"rendered":"\n<p>Redacci\u00f3n\/Zona Roja.<\/p>\n\n\n\n<p>Oaxaca de Ju\u00e1rez, Oax., 18 de septiembre de 2021.- Tras la marcha de ayer, por la queja de la cancelaci\u00f3n de contratos temporales, personal m\u00e9dico y de enfermer\u00eda eventual, fue recibido anoche por el gobernador Alejandro Murat Hinojosa.<\/p>\n\n\n\n<p>\u201cEn una jornada de di\u00e1logo abierto sobre la problem\u00e1tica que enfrenta el sector Salud, escuch\u00e9 y platiqu\u00e9 con un grupo de trabajadores eventuales; acordamos que unidos construiremos las alternativas necesarias para garantizar la seguridad laboral que se merecen\u201d, difundi\u00f3 el mandatario.<\/p>\n\n\n\n<p>Desde el pasado mi\u00e9rcoles, afiliados a la Secci\u00f3n 35 del Sindicato Nacional de Trabajadores de la Secretar\u00eda de Salud, iniciaron movilizaciones para exigir que se renueven los contratos al personal temporal.<\/p>\n\n\n\n<p>Seg\u00fan el gremio, ser\u00edan despedidos m\u00e1s de cinco mil trabajadores, de los cuales m\u00e1s de dos mil ya se concretaron y son en su mayor\u00eda personal de hospitales, como es el caso del de la Ni\u00f1ez Oaxaque\u00f1a, General \u201cDr. Aurelio Valdivieso\u201d, de Salina Cruz, de San Pablo Huixtepec, entre otros.<\/p>\n\n\n\n<figure class=\"wp-block-embed-twitter wp-block-embed is-type-rich is-provider-twitter\"><div class=\"wp-block-embed__wrapper\">\n<div class=\"twitter-tweet\"><blockquote class=\"twitter-tweet\" data-lang=\"es\"><p lang=\"es\" dir=\"ltr\">En una jornada de di\u00e1logo abierto sobre la problem\u00e1tica que enfrenta el Sector Salud, escuch\u00e9 y platiqu\u00e9 con un grupo de trabajadores eventuales; acordamos que unidos construiremos las alternativas necesarias para garantizar la seguridad laboral que se merecen. <a href=\"https:\/\/t.co\/3eXRpXqgpK\">pic.twitter.com\/3eXRpXqgpK<\/a><\/p>&mdash; Alejandro Murat (@alejandromurat) <a href=\"https:\/\/twitter.com\/alejandromurat\/status\/1439113279914352640?ref_src=twsrc%5Etfw\">18 de septiembre de 2021<\/a><\/blockquote><\/div>\n<\/div><\/figure>\n\n\n\n<p>Tanto el mi\u00e9rcoles como el viernes pararon labores de manera generalizada; el jueves y el viernes efectuaron marchas en la capital, como en el interior del estado.<\/p>\n\n\n\n<p>Tras ello, este viernes por la tarde, el titular del Poder Ejecutivo recibi\u00f3 a la dirigencia sindical, encabezada por Mario F\u00e9lix Pacheco, en un encuentro efectuado en el Palacio de Gobierno.<\/p>\n\n\n\n<p>\u201cConcluimos una reuni\u00f3n con representantes del Sindicato Nacional de Trabajadores de la Secretar\u00eda de Salud; tuvimos un di\u00e1logo franco, directo y abierto para construir, juntos, soluciones a la problem\u00e1tica que hoy enfrenta este importante sector\u201d, dio a conocer a trav\u00e9s de sus redes sociales.<\/p>\n\n\n\n<p>En el encuentro, Murat Hinojosa detall\u00f3 las graves complicaciones financieras en el sector, debido a que m\u00e1s de cinco mil trabajadores no tienen soporte en alguna partida presupuestal para cubrir salarios.<\/p>\n\n\n\n<p>Hasta el momento, ninguna de las partes que intervino en el encuentro, ha dado a conocer los acuerdos.<\/p>\n\n\n\n<figure class=\"wp-block-embed-twitter wp-block-embed is-type-rich is-provider-twitter\"><div class=\"wp-block-embed__wrapper\">\n<div class=\"twitter-tweet\"><blockquote class=\"twitter-tweet\" data-lang=\"es\"><p lang=\"es\" dir=\"ltr\">Concluimos una reuni\u00f3n con representantes del Sindicato Nacional de Trabajadores de la Secretar\u00eda de Salud, Secci\u00f3n 35; tuvimos un di\u00e1logo franco, directo y abierto para construir, juntos, soluciones a la problem\u00e1tica que hoy enfrenta este importante sector. <a href=\"https:\/\/t.co\/8n0ZVzOc1r\">pic.twitter.com\/8n0ZVzOc1r<\/a><\/p>&mdash; Alejandro Murat (@alejandromurat) <a href=\"https:\/\/twitter.com\/alejandromurat\/status\/1439044406221344777?ref_src=twsrc%5Etfw\">18 de septiembre de 2021<\/a><\/blockquote><\/div>\n<\/div><\/figure>\n","protected":false},"excerpt":{"rendered":"<p>Redacci\u00f3n\/Zona Roja. Oaxaca de Ju\u00e1rez, Oax., 18 de septiembre de 2021.- Tras la marcha de&hellip;<\/p>\n","protected":false},"author":2,"featured_media":32164,"comment_status":"closed","ping_status":"open","sticky":false,"template":"","format":"standard","meta":{"_lmt_disableupdate":"","_lmt_disable":"","_jetpack_memberships_contains_paid_content":false,"footnotes":""},"categories":[109,46],"tags":[173],"class_list":["post-32163","post","type-post","status-publish","format-standard","has-post-thumbnail","hentry","category-minuto-a-minuto","category-zona-blanca","tag-alejandro-murat-hinojosa"],"jetpack_featured_media_url":"https:\/\/zonaroja.com.mx\/wp-content\/uploads\/2021\/09\/Gobernador-Murat-reunion-eventuales.jpg","jetpack_sharing_enabled":true,"_links":{"self":[{"href":"https:\/\/zonaroja.com.mx\/index.php?rest_route=\/wp\/v2\/posts\/32163","targetHints":{"allow":["GET"]}}],"collection":[{"href":"https:\/\/zonaroja.com.mx\/index.php?rest_route=\/wp\/v2\/posts"}],"about":[{"href":"https:\/\/zonaroja.com.mx\/index.php?rest_route=\/wp\/v2\/types\/post"}],"author":[{"embeddable":true,"href":"https:\/\/zonaroja.com.mx\/index.php?rest_route=\/wp\/v2\/users\/2"}],"replies":[{"embeddable":true,"href":"https:\/\/zonaroja.com.mx\/index.php?rest_route=%2Fwp%2Fv2%2Fcomments&post=32163"}],"version-history":[{"count":1,"href":"https:\/\/zonaroja.com.mx\/index.php?rest_route=\/wp\/v2\/posts\/32163\/revisions"}],"predecessor-version":[{"id":32165,"href":"https:\/\/zonaroja.com.mx\/index.php?rest_route=\/wp\/v2\/posts\/32163\/revisions\/32165"}],"wp:featuredmedia":[{"embeddable":true,"href":"https:\/\/zonaroja.com.mx\/index.php?rest_route=\/wp\/v2\/media\/32164"}],"wp:attachment":[{"href":"https:\/\/zonaroja.com.mx\/index.php?rest_route=%2Fwp%2Fv2%2Fmedia&parent=32163"}],"wp:term":[{"taxonomy":"category","embeddable":true,"href":"https:\/\/zonaroja.com.mx\/index.php?rest_route=%2Fwp%2Fv2%2Fcategories&post=32163"},{"taxonomy":"post_tag","embeddable":true,"href":"https:\/\/zonaroja.com.mx\/index.php?rest_route=%2Fwp%2Fv2%2Ftags&post=32163"}],"curies":[{"name":"wp","href":"https:\/\/api.w.org\/{rel}","templated":true}]}}