{"id":32166,"date":"2021-09-18T08:11:12","date_gmt":"2021-09-18T13:11:12","guid":{"rendered":"http:\/\/www.zonaroja.com.mx\/?p=32166"},"modified":"2021-09-18T08:11:16","modified_gmt":"2021-09-18T13:11:16","slug":"colectivo-violencia-por-ser-mujer-se-suma-a-busqueda-de-mujeres-desaparecidas","status":"publish","type":"post","link":"https:\/\/zonaroja.com.mx\/?p=32166","title":{"rendered":"Colectivo \u201cViolencia por ser mujer\u201d se suma a b\u00fasqueda de mujeres desaparecidas"},"content":{"rendered":"\n<p>Redacci\u00f3n\/Zona Roja.<\/p>\n\n\n\n<p>Oaxaca de Ju\u00e1rez, Oax., 18 de septiembre de 2021.- Con espectaculares en diferentes puntos de la ciudad de Oaxaca de Ju\u00e1rez, el colectivo \u201cViolencia por ser mujer\u201d se suma a la b\u00fasqueda de la joven Ang\u00e9lica Granados, desaparecida desde marzo de 2019.<\/p>\n\n\n\n<p>\u201cSi las autoridades no se preocupan por la seguridad de nosotras, la verdad es que tenemos que trabajar en conjunto nosotras mismas para salva guardar nuestra integridad y hasta incluso nuestra propia vida.<\/p>\n\n\n\n<p>\u201cNosotras mismas contribuimos a ayudarnos mutuamente para conseguir nuestro objetivo, el cual es la protecci\u00f3n, el cumplimiento y el valor a nuestros derechos. Somos pieza fundamental en la estructura de la vida\u201d, refirieron sus directivas al instalar los espectaculares en diferentes puntos de la ciudad.<\/p>\n\n\n\n<p>\u201cExigimos a la Fiscal\u00eda General del estado de Oaxaca, as\u00ed como a las autoridades federales m\u00e1s atenci\u00f3n a los casos de agresiones en contra de las mujeres\u201d, demandaron.<\/p>\n\n\n\n<p>El colectivo \u201cViolencia por ser mujer\u201d exhort\u00f3 a familiares de mujeres desaparecidas para que se sumen a esta campa\u00f1a de exigencia de justicia y sus casos sean dados a conocer a la ciudadan\u00eda con espectaculares, con la finalidad de agilizar la b\u00fasqueda de su ser querido.<\/p>\n\n\n\n<p>Preocupados por la situaci\u00f3n lamentable, triste y desesperada en la que viven varias familias al no conocer del paradero de su familiar, integrantes de la asociaci\u00f3n civil reafirman su apoyo y respaldo solidario con ellas.<\/p>\n\n\n\n<p>\u201cA familiares de las mujeres desaparecidas les decimos qu\u00e9 no est\u00e1n solas, que siempre pueden contar con el colectivo, porque somos hechos, no palabras\u201d, expusieron, al indicar que pueden utilizar el perfil de Facebook Colectivo ViolenciaXSer Mujer, para interponer las quejas o denuncias y para solicitar informaci\u00f3n a fin de ser apoyadas.<\/p>\n","protected":false},"excerpt":{"rendered":"<p>Redacci\u00f3n\/Zona Roja. Oaxaca de Ju\u00e1rez, Oax., 18 de septiembre de 2021.- Con espectaculares en diferentes&hellip;<\/p>\n","protected":false},"author":2,"featured_media":32167,"comment_status":"closed","ping_status":"open","sticky":false,"template":"","format":"standard","meta":{"_lmt_disableupdate":"","_lmt_disable":"","_jetpack_memberships_contains_paid_content":false,"footnotes":""},"categories":[109,47],"tags":[2875],"class_list":["post-32166","post","type-post","status-publish","format-standard","has-post-thumbnail","hentry","category-minuto-a-minuto","category-zona-gris","tag-colectivo-violencia-por-ser-mujer-2"],"jetpack_featured_media_url":"https:\/\/zonaroja.com.mx\/wp-content\/uploads\/2021\/09\/Colectivo-Violencia-por-ser-Mujer.jpg","jetpack_sharing_enabled":true,"_links":{"self":[{"href":"https:\/\/zonaroja.com.mx\/index.php?rest_route=\/wp\/v2\/posts\/32166","targetHints":{"allow":["GET"]}}],"collection":[{"href":"https:\/\/zonaroja.com.mx\/index.php?rest_route=\/wp\/v2\/posts"}],"about":[{"href":"https:\/\/zonaroja.com.mx\/index.php?rest_route=\/wp\/v2\/types\/post"}],"author":[{"embeddable":true,"href":"https:\/\/zonaroja.com.mx\/index.php?rest_route=\/wp\/v2\/users\/2"}],"replies":[{"embeddable":true,"href":"https:\/\/zonaroja.com.mx\/index.php?rest_route=%2Fwp%2Fv2%2Fcomments&post=32166"}],"version-history":[{"count":1,"href":"https:\/\/zonaroja.com.mx\/index.php?rest_route=\/wp\/v2\/posts\/32166\/revisions"}],"predecessor-version":[{"id":32168,"href":"https:\/\/zonaroja.com.mx\/index.php?rest_route=\/wp\/v2\/posts\/32166\/revisions\/32168"}],"wp:featuredmedia":[{"embeddable":true,"href":"https:\/\/zonaroja.com.mx\/index.php?rest_route=\/wp\/v2\/media\/32167"}],"wp:attachment":[{"href":"https:\/\/zonaroja.com.mx\/index.php?rest_route=%2Fwp%2Fv2%2Fmedia&parent=32166"}],"wp:term":[{"taxonomy":"category","embeddable":true,"href":"https:\/\/zonaroja.com.mx\/index.php?rest_route=%2Fwp%2Fv2%2Fcategories&post=32166"},{"taxonomy":"post_tag","embeddable":true,"href":"https:\/\/zonaroja.com.mx\/index.php?rest_route=%2Fwp%2Fv2%2Ftags&post=32166"}],"curies":[{"name":"wp","href":"https:\/\/api.w.org\/{rel}","templated":true}]}}