{"id":32169,"date":"2021-09-18T08:24:37","date_gmt":"2021-09-18T13:24:37","guid":{"rendered":"http:\/\/www.zonaroja.com.mx\/?p=32169"},"modified":"2021-09-18T08:24:40","modified_gmt":"2021-09-18T13:24:40","slug":"ocultan-a-diputada-tras-accidente-carretero-un-muerto-saldo-preliminar","status":"publish","type":"post","link":"https:\/\/zonaroja.com.mx\/?p=32169","title":{"rendered":"Ocultan a diputada tras accidente carretero; un muerto, saldo preliminar"},"content":{"rendered":"\n<p>Redacci\u00f3n\/Zona Roja.<\/p>\n\n\n\n<p>Oaxaca de Ju\u00e1rez, Oax., 18 de septiembre de 2021.- Pese a diversa evidencias, como fotograf\u00edas y videos que se difundieron en redes sociales, la diputada local por el PRI, Yarith Tannos, no fue localizada anoche en un accidente carretero que dej\u00f3 como saldo preliminar una persona fallecida y cinco lesionadas.<\/p>\n\n\n\n<p>El percance entre cuatro unidades de motor se registr\u00f3 en la carretera federal 190 Oaxaca-Istmo, a la altura del acceso a la localidad de Buenos Aires, Tehuantepec.<\/p>\n\n\n\n<p>Fue protagonizado por una camioneta marca Jeep, tipo Ranger, color blanca, con placas de circulaci\u00f3n TLU-8494, en que viajan supuestamente Yalid Tamozare (sic), nombre con el que habr\u00edan sustituido al de Yarith Tannos, y Lucila Cruz.<\/p>\n\n\n\n<figure class=\"wp-block-embed-twitter wp-block-embed is-type-rich is-provider-twitter\"><div class=\"wp-block-embed__wrapper\">\n<div class=\"twitter-tweet\"><blockquote class=\"twitter-tweet\" data-lang=\"es\"><p lang=\"es\" dir=\"ltr\"><a href=\"https:\/\/twitter.com\/hashtag\/%C3%9AltimoMinuto?src=hash&amp;ref_src=twsrc%5Etfw\">#\u00daltimoMinuto<\/a> <br>Cinco personas lesionadas, entre ellas la diputada <a href=\"https:\/\/twitter.com\/yarithtannos?ref_src=twsrc%5Etfw\">@yarithtannos<\/a>, es el saldo de un accidente vial entre varios veh\u00edculos, en la carretera federal 190 <a href=\"https:\/\/twitter.com\/hashtag\/Oaxaca?src=hash&amp;ref_src=twsrc%5Etfw\">#Oaxaca<\/a>-Istmo, tramo Tehuantepec-Jalapa del Marqu\u00e9s; habr\u00eda personas fallecidas. <a href=\"https:\/\/t.co\/yBJ6IB5KNV\">pic.twitter.com\/yBJ6IB5KNV<\/a><\/p>&mdash; Zona Roja Oaxaca (@Zona_Roja_Oax) <a href=\"https:\/\/twitter.com\/Zona_Roja_Oax\/status\/1439069348757483522?ref_src=twsrc%5Etfw\">18 de septiembre de 2021<\/a><\/blockquote><\/div>\n<\/div><\/figure>\n\n\n\n<p>Adem\u00e1s, un veh\u00edculo marca Toyota con placas NLX-6510, donde falleci\u00f3 una mujer de nombre Martha R\u00edos, de aproximadamente 50 a\u00f1os de edad y originaria de Jalapa del Marqu\u00e9s.<\/p>\n\n\n\n<p>Otros lesionados fueron identificados como Constantino Z\u00e1rate R\u00edos y Jos\u00e9 Manuel Silva.<\/p>\n\n\n\n<p>Una unidad m\u00e1s involucrada es el coche tipo Jetta con placas MXA-9110 del Estado de M\u00e9xico, conducido por Edelberto Sosa.<\/p>\n\n\n\n<p>Hasta el momento no hay informaci\u00f3n oficial respecto al n\u00famero de personas fallecidas, que trascendi\u00f3 eran dos, as\u00ed como la participaci\u00f3n de la legisladora Yarith Tannos, que estar\u00eda en estado de ebriedad.<\/p>\n","protected":false},"excerpt":{"rendered":"<p>Redacci\u00f3n\/Zona Roja. Oaxaca de Ju\u00e1rez, Oax., 18 de septiembre de 2021.- Pese a diversa evidencias,&hellip;<\/p>\n","protected":false},"author":2,"featured_media":32170,"comment_status":"closed","ping_status":"open","sticky":false,"template":"","format":"standard","meta":{"_lmt_disableupdate":"","_lmt_disable":"","_jetpack_memberships_contains_paid_content":false,"footnotes":""},"categories":[109,51],"tags":[],"class_list":["post-32169","post","type-post","status-publish","format-standard","has-post-thumbnail","hentry","category-minuto-a-minuto","category-zona-roja"],"jetpack_featured_media_url":"https:\/\/zonaroja.com.mx\/wp-content\/uploads\/2021\/09\/Accidente-Oaxaca-Istmo-Yarith.jpg","jetpack_sharing_enabled":true,"_links":{"self":[{"href":"https:\/\/zonaroja.com.mx\/index.php?rest_route=\/wp\/v2\/posts\/32169","targetHints":{"allow":["GET"]}}],"collection":[{"href":"https:\/\/zonaroja.com.mx\/index.php?rest_route=\/wp\/v2\/posts"}],"about":[{"href":"https:\/\/zonaroja.com.mx\/index.php?rest_route=\/wp\/v2\/types\/post"}],"author":[{"embeddable":true,"href":"https:\/\/zonaroja.com.mx\/index.php?rest_route=\/wp\/v2\/users\/2"}],"replies":[{"embeddable":true,"href":"https:\/\/zonaroja.com.mx\/index.php?rest_route=%2Fwp%2Fv2%2Fcomments&post=32169"}],"version-history":[{"count":1,"href":"https:\/\/zonaroja.com.mx\/index.php?rest_route=\/wp\/v2\/posts\/32169\/revisions"}],"predecessor-version":[{"id":32171,"href":"https:\/\/zonaroja.com.mx\/index.php?rest_route=\/wp\/v2\/posts\/32169\/revisions\/32171"}],"wp:featuredmedia":[{"embeddable":true,"href":"https:\/\/zonaroja.com.mx\/index.php?rest_route=\/wp\/v2\/media\/32170"}],"wp:attachment":[{"href":"https:\/\/zonaroja.com.mx\/index.php?rest_route=%2Fwp%2Fv2%2Fmedia&parent=32169"}],"wp:term":[{"taxonomy":"category","embeddable":true,"href":"https:\/\/zonaroja.com.mx\/index.php?rest_route=%2Fwp%2Fv2%2Fcategories&post=32169"},{"taxonomy":"post_tag","embeddable":true,"href":"https:\/\/zonaroja.com.mx\/index.php?rest_route=%2Fwp%2Fv2%2Ftags&post=32169"}],"curies":[{"name":"wp","href":"https:\/\/api.w.org\/{rel}","templated":true}]}}