{"id":3217,"date":"2019-08-20T07:59:23","date_gmt":"2019-08-20T12:59:23","guid":{"rendered":"http:\/\/www.zonaroja.com.mx\/?p=3217"},"modified":"2019-08-20T07:59:26","modified_gmt":"2019-08-20T12:59:26","slug":"tres-asesinatos-este-lunes-y-una-anciana-violada-inseguridad-al-tope","status":"publish","type":"post","link":"https:\/\/zonaroja.com.mx\/?p=3217","title":{"rendered":"Tres asesinatos este lunes y una anciana violada; inseguridad al tope"},"content":{"rendered":"\n<p>Redacci\u00f3n\/Zona Roja.<\/p>\n\n\n\n<p>Oaxaca de Ju\u00e1rez, Oax., 20 de agosto de\n2019.- Este lunes, tres personas fueron asesinadas y una anciana fue agredida\nsexualmente, en las regiones Costa y Cuenca del Papaloapan del estado Oaxaca.<\/p>\n\n\n\n<p>Seg\u00fan datos confirmados con\ncorporaciones de seguridad p\u00fablica y fuentes de la Fiscal\u00eda General del Estado,\nen San Felipe Jalapa de D\u00edaz fueron ejecutados a balazos dos individuos.<\/p>\n\n\n\n<p>Uno de los cuerpos fue localizado en la\ncarretera que conduce de ese municipio a San Felipe Usila, donde la v\u00edctima fue\nidentificada como Benito Alcal\u00e1 Dur\u00e1n, de 27 a\u00f1os de edad.<\/p>\n\n\n\n<p>Un segundo hecho ocurri\u00f3 cerca de una\ntienda comercial del centro de Jalapa, donde fue atacada a balazos una persona\nidentificada de manera preliminar com Facundo Garc\u00eda, de 57 a\u00f1os de edad.<\/p>\n\n\n\n<p>En Santa Catarina Mechoac\u00e1n, municipio\nde la regi\u00f3n de la Costa, una persona identificada como Marcelino M. fue\nasesinada a balazos, sin que hubiera alguna persona detenida.<\/p>\n\n\n\n<p>Mientras tanto, en la comunidad de\nYutandayoo, municipio de San Pedro Jicay\u00e1n, fue atacada sexualmente una\nanciana.<\/p>\n\n\n\n<p>De acuerdo con informes policiales, el\nhecho ocurri\u00f3 este lunes en el domicilio de la mujer, ubicado en el barrio\nChico, alrededor de las ocho de la ma\u00f1ana.<\/p>\n\n\n\n<p>Despu\u00e9s de ultrajar a la se\u00f1ora\nidentificada como Juana M., el individuo la golpe\u00f3 y le rob\u00f3 pertenencias, tras\nlo cual se dio a la fuga. La anciana fue trasladada a un hospital debido a la\ngravedad de las lesiones.<\/p>\n","protected":false},"excerpt":{"rendered":"<p>Redacci\u00f3n\/Zona Roja. Oaxaca de Ju\u00e1rez, Oax., 20 de agosto de 2019.- Este lunes, tres personas&hellip;<\/p>\n","protected":false},"author":2,"featured_media":2465,"comment_status":"closed","ping_status":"open","sticky":false,"template":"","format":"standard","meta":{"_lmt_disableupdate":"","_lmt_disable":"","_jetpack_memberships_contains_paid_content":false,"footnotes":""},"categories":[109,51],"tags":[581],"class_list":["post-3217","post","type-post","status-publish","format-standard","has-post-thumbnail","hentry","category-minuto-a-minuto","category-zona-roja","tag-santa-catarina-mechoacan"],"jetpack_featured_media_url":"https:\/\/zonaroja.com.mx\/wp-content\/uploads\/2019\/07\/SSPO-4.jpg","jetpack_sharing_enabled":true,"_links":{"self":[{"href":"https:\/\/zonaroja.com.mx\/index.php?rest_route=\/wp\/v2\/posts\/3217","targetHints":{"allow":["GET"]}}],"collection":[{"href":"https:\/\/zonaroja.com.mx\/index.php?rest_route=\/wp\/v2\/posts"}],"about":[{"href":"https:\/\/zonaroja.com.mx\/index.php?rest_route=\/wp\/v2\/types\/post"}],"author":[{"embeddable":true,"href":"https:\/\/zonaroja.com.mx\/index.php?rest_route=\/wp\/v2\/users\/2"}],"replies":[{"embeddable":true,"href":"https:\/\/zonaroja.com.mx\/index.php?rest_route=%2Fwp%2Fv2%2Fcomments&post=3217"}],"version-history":[{"count":1,"href":"https:\/\/zonaroja.com.mx\/index.php?rest_route=\/wp\/v2\/posts\/3217\/revisions"}],"predecessor-version":[{"id":3218,"href":"https:\/\/zonaroja.com.mx\/index.php?rest_route=\/wp\/v2\/posts\/3217\/revisions\/3218"}],"wp:featuredmedia":[{"embeddable":true,"href":"https:\/\/zonaroja.com.mx\/index.php?rest_route=\/wp\/v2\/media\/2465"}],"wp:attachment":[{"href":"https:\/\/zonaroja.com.mx\/index.php?rest_route=%2Fwp%2Fv2%2Fmedia&parent=3217"}],"wp:term":[{"taxonomy":"category","embeddable":true,"href":"https:\/\/zonaroja.com.mx\/index.php?rest_route=%2Fwp%2Fv2%2Fcategories&post=3217"},{"taxonomy":"post_tag","embeddable":true,"href":"https:\/\/zonaroja.com.mx\/index.php?rest_route=%2Fwp%2Fv2%2Ftags&post=3217"}],"curies":[{"name":"wp","href":"https:\/\/api.w.org\/{rel}","templated":true}]}}