{"id":32172,"date":"2021-09-18T12:24:07","date_gmt":"2021-09-18T17:24:07","guid":{"rendered":"http:\/\/www.zonaroja.com.mx\/?p=32172"},"modified":"2021-09-18T12:24:12","modified_gmt":"2021-09-18T17:24:12","slug":"sin-pistas-de-asaltantes-de-tienda-de-reparacion-de-celulares-de-oaxaca-capital","status":"publish","type":"post","link":"https:\/\/zonaroja.com.mx\/?p=32172","title":{"rendered":"Sin pistas de asaltantes de tienda de reparaci\u00f3n de celulares de Oaxaca capital"},"content":{"rendered":"\n<p>Redacci\u00f3n\/Zona Roja.<\/p>\n\n\n\n<p>Oaxaca de Ju\u00e1rez, Oax., 18 de septiembre de 2021.- Hasta el momento, polic\u00edas municipales y estatales no cuentan con ninguna pista de los sujetos que ayer en la tarde asaltaron una tienda de reparaci\u00f3n de celulares y venta de art\u00edculos, donde adem\u00e1s lesionaron a un joven.<\/p>\n\n\n\n<p>El delito se cometi\u00f3 en la tienda denominada \u00abNova Sistem\u00bb, ubicada en la avenida Universidad esquina con Huerto Los Olivos del fraccionamiento Trinidad de las Huertas.<\/p>\n\n\n\n<p>De acuerdo con el video difundido, dos delincuentes ingresan al local y otro se queda a vigilar la puerta; amagan a los empleados y sacan dinero, adem\u00e1s de apoderarse de equipos.<\/p>\n\n\n\n<p>Tras ello, disparan a la pierna a un joven que fue identificado como Edgar A. G. C., de 18 a\u00f1os de edad, quien fue trasladado a un nosocomio de la ciudad de Oaxaca.<\/p>\n\n\n\n<figure class=\"wp-block-embed-twitter wp-block-embed is-type-rich is-provider-twitter\"><div class=\"wp-block-embed__wrapper\">\n<div class=\"twitter-tweet\"><blockquote class=\"twitter-tweet\" data-lang=\"es\"><p lang=\"es\" dir=\"ltr\"><a href=\"https:\/\/twitter.com\/hashtag\/%C3%9AltimoMinuto?src=hash&amp;ref_src=twsrc%5Etfw\">#\u00daltimoMinuto<\/a> <br>Asalto a mano armada en una tienda de reparaci\u00f3n de celulares, avenida Universidad de la ciudad de <a href=\"https:\/\/twitter.com\/hashtag\/Oaxaca?src=hash&amp;ref_src=twsrc%5Etfw\">#Oaxaca<\/a>. Una persona lesionada por disparos. <br>\u00bfY la <a href=\"https:\/\/twitter.com\/MunicipioSeguro?ref_src=twsrc%5Etfw\">@MunicipioSeguro<\/a> que a\u00fan preside <a href=\"https:\/\/twitter.com\/MarcosFredy_HL?ref_src=twsrc%5Etfw\">@MarcosFredy_HL<\/a>? <a href=\"https:\/\/t.co\/jO51PsUSF6\">pic.twitter.com\/jO51PsUSF6<\/a><\/p>&mdash; Zona Roja Oaxaca (@Zona_Roja_Oax) <a href=\"https:\/\/twitter.com\/Zona_Roja_Oax\/status\/1439000542697730055?ref_src=twsrc%5Etfw\">17 de septiembre de 2021<\/a><\/blockquote><\/div>\n<\/div><\/figure>\n\n\n\n<p>Fuero elementos del Heroico Cuerpo de Bomberos los primeros en llegar al sitio, y despu\u00e9s agentes de la Polic\u00eda Vial Estatal y la Polic\u00eda Estatal, a fin de brindar ls auxilios correspondientes.<\/p>\n\n\n\n<p>Al final arribaron elementos de la polic\u00eda municipal de Oaxaca de Ju\u00e1rez, que se limitaron a quedarse en la zona. Presuntamente los delincuentes huyeron a bordo de motocicletas.<\/p>\n\n\n\n<p>La Fiscal\u00eda General del Estado inici\u00f3 las indagatorias pero s\u00f3lo cuenta con la descripci\u00f3n que dieron los trabajadores afectados y el video de la c\u00e1mara de vigilancia.<\/p>\n","protected":false},"excerpt":{"rendered":"<p>Redacci\u00f3n\/Zona Roja. Oaxaca de Ju\u00e1rez, Oax., 18 de septiembre de 2021.- Hasta el momento, polic\u00edas&hellip;<\/p>\n","protected":false},"author":2,"featured_media":32173,"comment_status":"closed","ping_status":"open","sticky":false,"template":"","format":"standard","meta":{"_lmt_disableupdate":"","_lmt_disable":"","_jetpack_memberships_contains_paid_content":false,"footnotes":""},"categories":[109,47],"tags":[148],"class_list":["post-32172","post","type-post","status-publish","format-standard","has-post-thumbnail","hentry","category-minuto-a-minuto","category-zona-gris","tag-oaxaca-de-juarez"],"jetpack_featured_media_url":"https:\/\/zonaroja.com.mx\/wp-content\/uploads\/2021\/09\/Asalto-avenida-Universidad.jpg","jetpack_sharing_enabled":true,"_links":{"self":[{"href":"https:\/\/zonaroja.com.mx\/index.php?rest_route=\/wp\/v2\/posts\/32172","targetHints":{"allow":["GET"]}}],"collection":[{"href":"https:\/\/zonaroja.com.mx\/index.php?rest_route=\/wp\/v2\/posts"}],"about":[{"href":"https:\/\/zonaroja.com.mx\/index.php?rest_route=\/wp\/v2\/types\/post"}],"author":[{"embeddable":true,"href":"https:\/\/zonaroja.com.mx\/index.php?rest_route=\/wp\/v2\/users\/2"}],"replies":[{"embeddable":true,"href":"https:\/\/zonaroja.com.mx\/index.php?rest_route=%2Fwp%2Fv2%2Fcomments&post=32172"}],"version-history":[{"count":1,"href":"https:\/\/zonaroja.com.mx\/index.php?rest_route=\/wp\/v2\/posts\/32172\/revisions"}],"predecessor-version":[{"id":32174,"href":"https:\/\/zonaroja.com.mx\/index.php?rest_route=\/wp\/v2\/posts\/32172\/revisions\/32174"}],"wp:featuredmedia":[{"embeddable":true,"href":"https:\/\/zonaroja.com.mx\/index.php?rest_route=\/wp\/v2\/media\/32173"}],"wp:attachment":[{"href":"https:\/\/zonaroja.com.mx\/index.php?rest_route=%2Fwp%2Fv2%2Fmedia&parent=32172"}],"wp:term":[{"taxonomy":"category","embeddable":true,"href":"https:\/\/zonaroja.com.mx\/index.php?rest_route=%2Fwp%2Fv2%2Fcategories&post=32172"},{"taxonomy":"post_tag","embeddable":true,"href":"https:\/\/zonaroja.com.mx\/index.php?rest_route=%2Fwp%2Fv2%2Ftags&post=32172"}],"curies":[{"name":"wp","href":"https:\/\/api.w.org\/{rel}","templated":true}]}}