{"id":32176,"date":"2021-09-18T13:31:58","date_gmt":"2021-09-18T18:31:58","guid":{"rendered":"http:\/\/www.zonaroja.com.mx\/?p=32176"},"modified":"2021-09-18T13:32:01","modified_gmt":"2021-09-18T18:32:01","slug":"fortalece-sspo-atencion-en-esquema-de-emergencias-9-1-1","status":"publish","type":"post","link":"https:\/\/zonaroja.com.mx\/?p=32176","title":{"rendered":"Fortalece SSPO atenci\u00f3n en esquema de emergencias 9-1-1"},"content":{"rendered":"\n<p>Redacci\u00f3n\/Zona Roja.<\/p>\n\n\n\n<p>Oaxaca de Ju\u00e1rez, Oax., 18 de septiembre de 2021.- A fin de fortalecer las acciones de prevenci\u00f3n y seguridad con la sociedad civil, la Secretar\u00eda de Seguridad P\u00fablica de Oaxaca (SSPO), a trav\u00e9s de la Subsecretar\u00eda de Informaci\u00f3n y Desarrollo Institucional (SIDI), sostuvo una reuni\u00f3n con representantes de las instancias m\u00e9dicas y grupos voluntarios participantes.<\/p>\n\n\n\n<p>En el encuentro, se reforzaron las l\u00edneas de comunicaci\u00f3n y fortalecieron los mecanismos de coordinaci\u00f3n para una atenci\u00f3n r\u00e1pida y oportuna a las emergencias que se reciben y canalizan a trav\u00e9s del Servicio de Emergencias 9-1-1.<\/p>\n\n\n\n<p>En las instalaciones del Centro de Control, Control, Comando y Comunicaci\u00f3n (C4),&nbsp; con las medidas sanitarias pertinentes, fueron recibidos la delegaci\u00f3n de la Cruz Roja Mexicana, Brigada Bryso, Grupo de Rescate Halcones y Brigada de Atenci\u00f3n y Recate Voluntario de Urgencias (ARVU), entre otros.<\/p>\n\n\n\n<p>En su intervenci\u00f3n, el subsecretario de Informaci\u00f3n y Desarrollo Institucional, H\u00e9ctor Gonz\u00e1lez Hern\u00e1ndez, y el director del 9-1-1, C\u00e9sar Narv\u00e1ez Jarqu\u00edn atendieron a los grupos mencionados.<\/p>\n\n\n\n<p>Uno de los acuerdos m\u00e1s relevantes fue establecer mecanismos para la no duplicidad de atenci\u00f3n de las emergencias. Asimismo, exhortar a la poblaci\u00f3n a utilizar de manera responsable el n\u00famero de emergencia.<\/p>\n\n\n\n<p>Seg\u00fan se inform\u00f3, de manera diaria se recibe un aproximado de cuatro mil 500 a cinco mil llamadas y de ellas el 90 por ciento son improcedentes o falsas.<\/p>\n\n\n\n<p>En ese marco, se reiter\u00f3 la instrucci\u00f3n del titular de la SSPO, Helidoro D\u00edaz Esc\u00e1rraga, de trabajar continuamente por la paz y tranquilidad de las familias oaxaque\u00f1as.<\/p>\n\n\n\n<p>PERSPECTIVA DE G\u00c9NERO<\/p>\n\n\n\n<p>Por otra parte, a trav\u00e9s de pol\u00edticas y estrategias en favor de la igualdad sustantiva entre hombres y mujeres, la Secretar\u00eda de Seguridad P\u00fablica de Oaxaca (SSPO) contin\u00faa con la jornada de capacitaci\u00f3n denominada \u201cJusticia con Perspectiva de G\u00e9nero\u201d, que imparte a corporaciones policiales con presencia en las ocho regiones de la entidad.<\/p>\n\n\n\n<p>La Direcci\u00f3n General del Sistema de Desarrollo Policial, a trav\u00e9s del Instituto de Profesionalizaci\u00f3n, es la responsable de coordinar el curso que convoca a integrantes de la Polic\u00eda Vial Estatal y Polic\u00eda Estatal en estrategias y acciones de prevenci\u00f3n, orientaci\u00f3n y canalizaci\u00f3n de casos de delitos que atenten contra la integridad f\u00edsica y psicol\u00f3gica de las mujeres.<\/p>\n\n\n\n<p>En el curso de preparaci\u00f3n para las y los integrantes de dichas corporaciones se abordan cinco unidades denominadas: El enfoque de los Derechos Humanos para la protecci\u00f3n de las mujeres, Introducci\u00f3n al estudio de g\u00e9nero, Marco normativo en materia de g\u00e9nero y violencia de g\u00e9nero, Violencia de g\u00e9nero en nuestro pa\u00eds y Proceso de Actuaci\u00f3n Policial.<\/p>\n\n\n\n<p>El proceso de combate a la delincuencia y atenci\u00f3n a las v\u00edctimas exigen constante preparaci\u00f3n por parte de todas y todos los servidores p\u00fablicos. El proyecto de seguridad de la SSPO contempla la formaci\u00f3n integral y continua de sus corporaciones, en la b\u00fasqueda de un ejercicio policial eficiente, profesional y legal ante la violencia de g\u00e9nero.<\/p>\n","protected":false},"excerpt":{"rendered":"<p>Redacci\u00f3n\/Zona Roja. Oaxaca de Ju\u00e1rez, Oax., 18 de septiembre de 2021.- A fin de fortalecer&hellip;<\/p>\n","protected":false},"author":2,"featured_media":32177,"comment_status":"closed","ping_status":"open","sticky":false,"template":"","format":"standard","meta":{"_lmt_disableupdate":"","_lmt_disable":"","_jetpack_memberships_contains_paid_content":false,"footnotes":""},"categories":[109,46],"tags":[1421],"class_list":["post-32176","post","type-post","status-publish","format-standard","has-post-thumbnail","hentry","category-minuto-a-minuto","category-zona-blanca","tag-secretaria-de-seguridad-publica-de-oaxaca-sspo"],"jetpack_featured_media_url":"https:\/\/zonaroja.com.mx\/wp-content\/uploads\/2021\/09\/Reunion-SSPO-Heliodoro-Diaz.jpg","jetpack_sharing_enabled":true,"_links":{"self":[{"href":"https:\/\/zonaroja.com.mx\/index.php?rest_route=\/wp\/v2\/posts\/32176","targetHints":{"allow":["GET"]}}],"collection":[{"href":"https:\/\/zonaroja.com.mx\/index.php?rest_route=\/wp\/v2\/posts"}],"about":[{"href":"https:\/\/zonaroja.com.mx\/index.php?rest_route=\/wp\/v2\/types\/post"}],"author":[{"embeddable":true,"href":"https:\/\/zonaroja.com.mx\/index.php?rest_route=\/wp\/v2\/users\/2"}],"replies":[{"embeddable":true,"href":"https:\/\/zonaroja.com.mx\/index.php?rest_route=%2Fwp%2Fv2%2Fcomments&post=32176"}],"version-history":[{"count":1,"href":"https:\/\/zonaroja.com.mx\/index.php?rest_route=\/wp\/v2\/posts\/32176\/revisions"}],"predecessor-version":[{"id":32178,"href":"https:\/\/zonaroja.com.mx\/index.php?rest_route=\/wp\/v2\/posts\/32176\/revisions\/32178"}],"wp:featuredmedia":[{"embeddable":true,"href":"https:\/\/zonaroja.com.mx\/index.php?rest_route=\/wp\/v2\/media\/32177"}],"wp:attachment":[{"href":"https:\/\/zonaroja.com.mx\/index.php?rest_route=%2Fwp%2Fv2%2Fmedia&parent=32176"}],"wp:term":[{"taxonomy":"category","embeddable":true,"href":"https:\/\/zonaroja.com.mx\/index.php?rest_route=%2Fwp%2Fv2%2Fcategories&post=32176"},{"taxonomy":"post_tag","embeddable":true,"href":"https:\/\/zonaroja.com.mx\/index.php?rest_route=%2Fwp%2Fv2%2Ftags&post=32176"}],"curies":[{"name":"wp","href":"https:\/\/api.w.org\/{rel}","templated":true}]}}