{"id":32180,"date":"2021-09-18T15:23:49","date_gmt":"2021-09-18T20:23:49","guid":{"rendered":"https:\/\/www.zonaroja.com.mx\/?p=32180"},"modified":"2021-09-18T15:25:05","modified_gmt":"2021-09-18T20:25:05","slug":"no-cesan-protestas-de-eventuales-de-salud-en-oaxaca-exigen-intervencion-del-insabi","status":"publish","type":"post","link":"https:\/\/zonaroja.com.mx\/?p=32180","title":{"rendered":"No cesan protestas de eventuales de salud en Oaxaca; exigen intervenci\u00f3n del Insabi"},"content":{"rendered":"\n<p>Evlin Arag\u00f3n\/Zona Roja.&nbsp;<\/p>\n\n\n\n<p>Oaxaca de Ju\u00e1rez, Oax., 18 de septiembre de 2021.- Por cuarto d\u00eda,&nbsp;personal eventual, cesado recientemente por los Servicios de Salud de Oaxaca (SSO), march\u00f3 por las principales calles de la ciudad, para exigir justicia laboral y una recontrataci\u00f3n para quienes ya no contemplados a partir del 16 de septiembre.&nbsp;&nbsp;<\/p>\n\n\n\n<p>Aunque apenas ayer el gobierno de Oaxaca difundi\u00f3 unas fotograf\u00edas en sus redes sociales, donde daba a conocer una reuni\u00f3n con representantes sindicales, el personal asegur\u00f3 que no dejaran de movilizarse hasta que se cumplan las demandas de su pliego petitorio.&nbsp;&nbsp;<\/p>\n\n\n\n<p>De manera contundente, los inconformes &nbsp;aseguraron que no est\u00e1n representando a ning\u00fan sindicato y \u00fanicamente buscan que puedan ser recontratados, a\u00fan pese a las declaraciones de las autoridades sobre la existencia de un d\u00e9ficit millonario y una falta de techo financiero, de la cual aseguran no son responsables.&nbsp;&nbsp;<\/p>\n\n\n\n<p>\u201cAhora sabemos que hubo desvi\u00f3 de recursos, adem\u00e1s de una triangulaci\u00f3n para costear los sueldos, pero nosotros no fuimos los responsables porque nosotros no pedimos que se hiciera as\u00ed. Nuestra contrataci\u00f3n se hizo por la necesidad existente de personal en el sector\u201d, asegur\u00f3 uno de los m\u00e9dicos participantes en la movilizaci\u00f3n.&nbsp;&nbsp;<\/p>\n\n\n\n<p>En este mismo, sentido detall\u00f3 que el personal eventual despedido no era de car\u00e1cter administrativo como se quiso hacer creer por parte de la autoridad, por el contrario, son aquellos imprescindibles en la atenci\u00f3n de las y los usuarios de los servicios de salud en la entidad, acci\u00f3n que afecta a toda la poblaci\u00f3n.  <\/p>\n\n\n\n<p><div class=\"twitter-tweet\"><blockquote class=\"twitter-tweet\" data-lang=\"es\"><p lang=\"es\" dir=\"ltr\"><a href=\"https:\/\/twitter.com\/hashtag\/%C3%9AltimoMinuto?src=hash&amp;ref_src=twsrc%5Etfw\">#\u00daltimoMinuto<\/a> <br>Por cuarto d\u00eda, en la capital hay marcha de trabajadores eventuales a los que los <a href=\"https:\/\/twitter.com\/SSO_GobOax?ref_src=twsrc%5Etfw\">@SSO_GobOax<\/a> no les recontrataron.<br>Rechazan que tengan un l\u00edder o dirigencia y aseguran que s\u00f3lo buscan permanencia en su trabajo. <a href=\"https:\/\/t.co\/7mfTZRwqIY\">pic.twitter.com\/7mfTZRwqIY<\/a><\/p>&mdash; Zona Roja Oaxaca (@Zona_Roja_Oax) <a href=\"https:\/\/twitter.com\/Zona_Roja_Oax\/status\/1439284446000291844?ref_src=twsrc%5Etfw\">18 de septiembre de 2021<\/a><\/blockquote><\/div><\/p>\n\n\n\n<p>\u201cHay m\u00e9dicos, enfermeras, camilleros, personal de cocina y trabajadoras sociales dentro del personal despedido. Todos somos indispensables al interior de los hospitales y cl\u00ednicas de salud\u201d, indic\u00f3.&nbsp;&nbsp;<\/p>\n\n\n\n<p>De acuerdo con lo expuesto, el pliego petitorio incluye la recontrataci\u00f3n inmediata de todos los compa\u00f1eros sin excepci\u00f3n, la estabilidad laboral y el salario justo, mismo que aseguran podr\u00eda darse si la n\u00f3mina de dicho personal fuera absorbida por el Instituto de Salud para el Bienestar (Insabi) como \u00fanica salida al problema financiero que enfrentar en sector.&nbsp;&nbsp;<\/p>\n\n\n\n<p>Por lo anterior solicitaron la intervenci\u00f3n del gobernador de Oaxaca, Alejandro Murat Hinojosa, a fin de que la federaci\u00f3n pueda dar soluci\u00f3n a la problem\u00e1tica actual, que ha puesto nuevamente en crisis al sector salud en la entidad.&nbsp;&nbsp;<\/p>\n\n\n\n<p>Finalmente, advirtieron que la falta de techo presupuestal dej\u00f3 sin empleo a dos mil 100 trabajadoras y trabajadores eventuales y se espera que en breve se unan a las filas del desempleo dos mil 300 m\u00e1s que se encuentran bajo la modalidad de formalizados.&nbsp;&nbsp;&nbsp;<\/p>\n\n\n\n<p>Mientras que, por medio de las redes sociales y grupo de WhatsApp se difunde con m\u00e1s fuerza la posible desaparici\u00f3n de los Servicios de Salud de Oaxaca como ente p\u00fablico, por lo que ser\u00eda el Instituto Mexicano del Seguro Social quien absorber\u00eda la n\u00f3mina y la responsabilidad del personal adscrito a los sindicatos federales. <\/p>\n","protected":false},"excerpt":{"rendered":"<p>Evlin Arag\u00f3n\/Zona Roja.&nbsp; Oaxaca de Ju\u00e1rez, Oax., 18 de septiembre de 2021.- Por cuarto d\u00eda,&nbsp;personal&hellip;<\/p>\n","protected":false},"author":2,"featured_media":32179,"comment_status":"closed","ping_status":"open","sticky":false,"template":"","format":"standard","meta":{"_lmt_disableupdate":"","_lmt_disable":"","_jetpack_memberships_contains_paid_content":false,"footnotes":""},"categories":[109,47],"tags":[],"class_list":["post-32180","post","type-post","status-publish","format-standard","has-post-thumbnail","hentry","category-minuto-a-minuto","category-zona-gris"],"jetpack_featured_media_url":"https:\/\/zonaroja.com.mx\/wp-content\/uploads\/2021\/09\/Marcha-personal-eventual-SSO.jpg","jetpack_sharing_enabled":true,"_links":{"self":[{"href":"https:\/\/zonaroja.com.mx\/index.php?rest_route=\/wp\/v2\/posts\/32180","targetHints":{"allow":["GET"]}}],"collection":[{"href":"https:\/\/zonaroja.com.mx\/index.php?rest_route=\/wp\/v2\/posts"}],"about":[{"href":"https:\/\/zonaroja.com.mx\/index.php?rest_route=\/wp\/v2\/types\/post"}],"author":[{"embeddable":true,"href":"https:\/\/zonaroja.com.mx\/index.php?rest_route=\/wp\/v2\/users\/2"}],"replies":[{"embeddable":true,"href":"https:\/\/zonaroja.com.mx\/index.php?rest_route=%2Fwp%2Fv2%2Fcomments&post=32180"}],"version-history":[{"count":1,"href":"https:\/\/zonaroja.com.mx\/index.php?rest_route=\/wp\/v2\/posts\/32180\/revisions"}],"predecessor-version":[{"id":32181,"href":"https:\/\/zonaroja.com.mx\/index.php?rest_route=\/wp\/v2\/posts\/32180\/revisions\/32181"}],"wp:featuredmedia":[{"embeddable":true,"href":"https:\/\/zonaroja.com.mx\/index.php?rest_route=\/wp\/v2\/media\/32179"}],"wp:attachment":[{"href":"https:\/\/zonaroja.com.mx\/index.php?rest_route=%2Fwp%2Fv2%2Fmedia&parent=32180"}],"wp:term":[{"taxonomy":"category","embeddable":true,"href":"https:\/\/zonaroja.com.mx\/index.php?rest_route=%2Fwp%2Fv2%2Fcategories&post=32180"},{"taxonomy":"post_tag","embeddable":true,"href":"https:\/\/zonaroja.com.mx\/index.php?rest_route=%2Fwp%2Fv2%2Ftags&post=32180"}],"curies":[{"name":"wp","href":"https:\/\/api.w.org\/{rel}","templated":true}]}}