{"id":3219,"date":"2019-08-20T08:10:52","date_gmt":"2019-08-20T13:10:52","guid":{"rendered":"http:\/\/www.zonaroja.com.mx\/?p=3219"},"modified":"2019-08-20T08:10:55","modified_gmt":"2019-08-20T13:10:55","slug":"morena-contra-morena-en-el-senado-de-la-republica","status":"publish","type":"post","link":"https:\/\/zonaroja.com.mx\/?p=3219","title":{"rendered":"Morena contra Morena, en el Senado de la Rep\u00fablica"},"content":{"rendered":"\n<p>Redacci\u00f3n\/Zona Roja Cdmx.<\/p>\n\n\n\n<p>Ciudad de M\u00e9xico, 20 de agosto de 2019.-\nMorenistas contra morenistas en el Senado de la Rep\u00fablica, por el control de la\nMesa Directiva para el segundo a\u00f1o del periodo ordinario de sesiones.<\/p>\n\n\n\n<p>Dos legisladores l\u00edderes emanados del\npartido que fund\u00f3 Andr\u00e9s Manuel L\u00f3pez Obrador se acusaron mutuamente, por la\ndisputa del poder.<\/p>\n\n\n\n<p>Un grupo de senadores de Morena y del Partido\nEncuentro Social rechazaron la reelecci\u00f3n de Mart\u00ed Batres como presidente de la\nC\u00e1mara alta, en una consulta a voto de urna que, a decir del legislador,\nresult\u00f3 desaseada por el coordinador parlamentario Ricardo Monreal.<\/p>\n\n\n\n<p>En su lugar result\u00f3 electa la senadora\ntabasque\u00f1a \u2013paisana del Presidente de M\u00e9xico&#8211; M\u00f3nica Fern\u00e1ndez, quien se\ndesempe\u00f1aba como vicepresidenta de la Mesa Directiva del Senado.<\/p>\n\n\n\n<p>\u00abDurante meses el senador Monreal\nme persigui\u00f3 y me combati\u00f3 para sacarme de la Mesa Directiva. \u00bfQu\u00e9 logr\u00f3?\nExhibirse como un pol\u00edtico faccioso incapaz de encabezar un amplio movimiento.<\/p>\n\n\n\n<p>\u00abAplicando el mismo criterio, el\nsenador Monreal debe renunciar a la coordinaci\u00f3n del grupo parlamentario de\nMorena para darle paso a una mujer\u00bb, reproch\u00f3 Batres.<\/p>\n\n\n\n<p>El legislador acus\u00f3 que ilegalmente se\ninvit\u00f3 a votar a cinco legisladoras del PES, cuando se trataba de una elecci\u00f3n\nde los morenistas.<\/p>\n\n\n\n<p>Por su parte, Yeidckol Polevnsky,\npresidenta del Partido Morena, respald\u00f3 el reclamo de Batres y critic\u00f3 que se\nhayan modificado las reglas de la convocatoria.<\/p>\n\n\n\n<p>\u00abEs vergonzoso que se hagan\nmaniobras para que en una reuni\u00f3n interna de Morena llamen a votar al PES y no\nllamen a votar al PT\u00bb, cuestion\u00f3 la dirigente.<\/p>\n\n\n\n<p>A su vez, en conferencia de prensa,\nMonreal \u00c1vila apel\u00f3 a la unidad del grupo parlamentario, acompa\u00f1ado por la\npr\u00f3xima presidenta del Senado, M\u00f3nica Fern\u00e1ndez, as\u00ed como por la mayor\u00eda de los\nlegisladores de Morena.<\/p>\n\n\n\n<p>Este martes se prev\u00e9 nuevas confrontaciones\nentre grupos de morenistas, en el marco de la discusi\u00f3n del plazo para renovar\nla dirigencia nacional del partido, en noviembre pr\u00f3ximo.<\/p>\n","protected":false},"excerpt":{"rendered":"<p>Redacci\u00f3n\/Zona Roja Cdmx. Ciudad de M\u00e9xico, 20 de agosto de 2019.- Morenistas contra morenistas en&hellip;<\/p>\n","protected":false},"author":2,"featured_media":3220,"comment_status":"closed","ping_status":"open","sticky":false,"template":"","format":"standard","meta":{"_lmt_disableupdate":"","_lmt_disable":"","_jetpack_memberships_contains_paid_content":false,"footnotes":""},"categories":[109,47],"tags":[584,582],"class_list":["post-3219","post","type-post","status-publish","format-standard","has-post-thumbnail","hentry","category-minuto-a-minuto","category-zona-gris","tag-marti-batres","tag-partido-morena"],"jetpack_featured_media_url":"https:\/\/zonaroja.com.mx\/wp-content\/uploads\/2019\/08\/Image-1-4.png","jetpack_sharing_enabled":true,"_links":{"self":[{"href":"https:\/\/zonaroja.com.mx\/index.php?rest_route=\/wp\/v2\/posts\/3219","targetHints":{"allow":["GET"]}}],"collection":[{"href":"https:\/\/zonaroja.com.mx\/index.php?rest_route=\/wp\/v2\/posts"}],"about":[{"href":"https:\/\/zonaroja.com.mx\/index.php?rest_route=\/wp\/v2\/types\/post"}],"author":[{"embeddable":true,"href":"https:\/\/zonaroja.com.mx\/index.php?rest_route=\/wp\/v2\/users\/2"}],"replies":[{"embeddable":true,"href":"https:\/\/zonaroja.com.mx\/index.php?rest_route=%2Fwp%2Fv2%2Fcomments&post=3219"}],"version-history":[{"count":1,"href":"https:\/\/zonaroja.com.mx\/index.php?rest_route=\/wp\/v2\/posts\/3219\/revisions"}],"predecessor-version":[{"id":3221,"href":"https:\/\/zonaroja.com.mx\/index.php?rest_route=\/wp\/v2\/posts\/3219\/revisions\/3221"}],"wp:featuredmedia":[{"embeddable":true,"href":"https:\/\/zonaroja.com.mx\/index.php?rest_route=\/wp\/v2\/media\/3220"}],"wp:attachment":[{"href":"https:\/\/zonaroja.com.mx\/index.php?rest_route=%2Fwp%2Fv2%2Fmedia&parent=3219"}],"wp:term":[{"taxonomy":"category","embeddable":true,"href":"https:\/\/zonaroja.com.mx\/index.php?rest_route=%2Fwp%2Fv2%2Fcategories&post=3219"},{"taxonomy":"post_tag","embeddable":true,"href":"https:\/\/zonaroja.com.mx\/index.php?rest_route=%2Fwp%2Fv2%2Ftags&post=3219"}],"curies":[{"name":"wp","href":"https:\/\/api.w.org\/{rel}","templated":true}]}}