{"id":32194,"date":"2021-09-19T09:10:45","date_gmt":"2021-09-19T14:10:45","guid":{"rendered":"http:\/\/www.zonaroja.com.mx\/?p=32194"},"modified":"2021-09-18T21:16:45","modified_gmt":"2021-09-19T02:16:45","slug":"impune-desplazamiento-forzado-y-violencia-en-zimatlan-oaxaca","status":"publish","type":"post","link":"https:\/\/zonaroja.com.mx\/?p=32194","title":{"rendered":"Impune, desplazamiento forzado y violencia en Zimatl\u00e1n, Oaxaca"},"content":{"rendered":"\n<p>Evlin Arag\u00f3n\/Zona Roja.<\/p>\n\n\n\n<p>Oaxaca de Ju\u00e1rez, Oax., 19 de septiembre de 2021.- Al menos nueve integrantes de una familia denunciaron que la violencia y el despojo de sus propiedades del que han sido v\u00edctimas por parte de pobladores y autoridades de San Pedro Totomach\u00e1pam, perteneciente al municipio de Zimatl\u00e1n de \u00c1lvarez, sigue impune.&nbsp;<\/p>\n\n\n\n<p>As\u00ed lo dieron a conocer mediante un documento dirigido al Presidente de M\u00e9xico, Andr\u00e9s Manuel L\u00f3pez Obrador, y el gobernador de Oaxaca, Alejandro Murat Hinojosa, a quienes solicitaron su intervenci\u00f3n para regresar a su lugar de origen del que fueron obligados a partir, desde 2018.&nbsp;<\/p>\n\n\n\n<p>Santiago Mart\u00ednez Delgado, Eugenio Delgado Delgado, Flaviana Delgado Delgado, Catalina Teresa Garc\u00eda R\u00edos y cinco hijos m\u00e1s, explicaron que desde el 2013 se han enfrentado a una serie de actos violentos encabezados por pobladores de la localidad, quienes a toda costa buscaban despojarlos de sus tierras.&nbsp;<\/p>\n\n\n\n<p>\u201cFue en este a\u00f1o que un grupo de personas, con las autoridades municipales no me dejaban trabajar mis terrenos, porque a la fuerza quer\u00edan y me exig\u00edan que yo pagar\u00e1 la cantidad de 200 mil pesos, para que me dejaran tranquilo y trabajar mis terrenos\u201d, relat\u00f3 Santiago Mart\u00ednez Delgado en el documento.&nbsp;<\/p>\n\n\n\n<p>Por lo anterior, present\u00f3 una primera denuncia ante la Fiscal\u00eda de Combate a la Corrupci\u00f3n y se inici\u00f3 la averiguaci\u00f3n previa 179(FESPRE) 2014 por los delitos de tentativa de homicidio, abuso de autoridad, amenazas, privaci\u00f3n legal de la libertad, secuestro, robo, da\u00f1o a propiedad ajena y encubrimiento.&nbsp;<\/p>\n\n\n\n<p>Ello en contra de S\u00f3crates Delgado Medina, S\u00f3crates Delgado Mej\u00eda, Pedro Delgado Mej\u00eda, Esteban Delgado Mej\u00eda, Leonel V\u00e1squez Celis, Javier Celis Pablo, Juventino Celis Pablo, Primitivo P\u00e9rez Cer\u00f3n y Tom\u00e1s Delgado, a quienes acusan de la violencia ejercida contra su familia.<\/p>\n\n\n\n<p>En 2017, y ante la falta de acci\u00f3n por parte de las autoridades, la violencia escal\u00f3 y esas mismas personas a parte de causar da\u00f1o en la propiedad de la familia, encarcelaron a sus integrantes, por lo que presentaron una segunda denuncia con una nueva carpeta de investigaci\u00f3n ante la Fiscal\u00eda local de Zimatl\u00e1n de \u00c1lvarez con n\u00famero 152(FEMCCO) 2018.<\/p>\n\n\n\n<p>Dicha situaci\u00f3n los oblig\u00f3 a deja su propiedad toda vez que, aunque la violencia continuaba incluso en contra de una mujer de 80 a\u00f1os a quien tambi\u00e9n encarcelaron e incomunicaron por 48 horas, no existi\u00f3 atenci\u00f3n por parte de las autoridades de procuraci\u00f3n de justicia.<\/p>\n\n\n\n<p>Finalmente, en 2020, las mismas personas le dieron la estocada final a la familia al robarles sus magueyes tipo espad\u00edn, por lo iniciaron una tercera carpeta de investigaci\u00f3n 26016\/FVCE\/CODDI\/ZIMATLAN\/2020, por los delitos de robo, da\u00f1os y despojo, sin embargo, hasta la fecha no se ha hecho nada por castigar a los culpables, con todo y los antecedentes previos.&nbsp;<\/p>\n\n\n\n<p>\u201cNos corrieron con amenazas de que nos iban a quemar vivos o nos iban a colgar si regres\u00e1bamos al pueblo, causa y motivo que hasta la fecha no nos hemos asomado en el pueblo ya que todos nos venimos a vivir a esta ciudad de Oaxaca\u201d, manifest\u00f3.&nbsp;<\/p>\n\n\n\n<p>La familia indic\u00f3 que tambi\u00e9n recurrieron ante la Defensor\u00eda de los Derechos Humanos del Pueblo de Oaxaca, donde se abrieron los expedientes DDHPO\/2017\/(30)\/OAX\/2013 y DDHPO\/668\/30\/OAX\/2018 sin que hasta la fecha hayan dado soluci\u00f3n a su caso.&nbsp;<\/p>\n\n\n\n<p>Por lo anterior solicitaron la intervenci\u00f3n del gobernador de Oaxaca y el presidente de M\u00e9xico a fin de que se castigue a los responsables de la violencia en contra de su familia para que puedan regresar a su casa y su pueblo, lugar donde nacieron, forjaron su identidad y anhelan volver.&nbsp;<\/p>\n\n\n\n<p>\u201cRecurrimos a usted se\u00f1or Presidente de la Rep\u00fablica y ante usted se\u00f1or Gobernador del Estado de Oaxaca, ya que nos encontramos y nos sentimos desesperados por esta injusticia infraganti, y no sabemos ya ante quien recurrir\u201d, concluyeron.<\/p>\n","protected":false},"excerpt":{"rendered":"<p>Evlin Arag\u00f3n\/Zona Roja. Oaxaca de Ju\u00e1rez, Oax., 19 de septiembre de 2021.- Al menos nueve&hellip;<\/p>\n","protected":false},"author":2,"featured_media":32188,"comment_status":"closed","ping_status":"open","sticky":false,"template":"","format":"standard","meta":{"_lmt_disableupdate":"","_lmt_disable":"","_jetpack_memberships_contains_paid_content":false,"footnotes":""},"categories":[109,47],"tags":[2894],"class_list":["post-32194","post","type-post","status-publish","format-standard","has-post-thumbnail","hentry","category-minuto-a-minuto","category-zona-gris","tag-san-pedro-totomachapam"],"jetpack_featured_media_url":"https:\/\/zonaroja.com.mx\/wp-content\/uploads\/2021\/09\/Denuncia-Totomachapam-Zimatlan.jpg","jetpack_sharing_enabled":true,"_links":{"self":[{"href":"https:\/\/zonaroja.com.mx\/index.php?rest_route=\/wp\/v2\/posts\/32194","targetHints":{"allow":["GET"]}}],"collection":[{"href":"https:\/\/zonaroja.com.mx\/index.php?rest_route=\/wp\/v2\/posts"}],"about":[{"href":"https:\/\/zonaroja.com.mx\/index.php?rest_route=\/wp\/v2\/types\/post"}],"author":[{"embeddable":true,"href":"https:\/\/zonaroja.com.mx\/index.php?rest_route=\/wp\/v2\/users\/2"}],"replies":[{"embeddable":true,"href":"https:\/\/zonaroja.com.mx\/index.php?rest_route=%2Fwp%2Fv2%2Fcomments&post=32194"}],"version-history":[{"count":1,"href":"https:\/\/zonaroja.com.mx\/index.php?rest_route=\/wp\/v2\/posts\/32194\/revisions"}],"predecessor-version":[{"id":32195,"href":"https:\/\/zonaroja.com.mx\/index.php?rest_route=\/wp\/v2\/posts\/32194\/revisions\/32195"}],"wp:featuredmedia":[{"embeddable":true,"href":"https:\/\/zonaroja.com.mx\/index.php?rest_route=\/wp\/v2\/media\/32188"}],"wp:attachment":[{"href":"https:\/\/zonaroja.com.mx\/index.php?rest_route=%2Fwp%2Fv2%2Fmedia&parent=32194"}],"wp:term":[{"taxonomy":"category","embeddable":true,"href":"https:\/\/zonaroja.com.mx\/index.php?rest_route=%2Fwp%2Fv2%2Fcategories&post=32194"},{"taxonomy":"post_tag","embeddable":true,"href":"https:\/\/zonaroja.com.mx\/index.php?rest_route=%2Fwp%2Fv2%2Ftags&post=32194"}],"curies":[{"name":"wp","href":"https:\/\/api.w.org\/{rel}","templated":true}]}}