{"id":32201,"date":"2021-09-19T07:40:53","date_gmt":"2021-09-19T12:40:53","guid":{"rendered":"http:\/\/www.zonaroja.com.mx\/?p=32201"},"modified":"2021-09-19T07:40:56","modified_gmt":"2021-09-19T12:40:56","slug":"reciben-a-amlo-en-oaxaca-con-bloqueo-carretero","status":"publish","type":"post","link":"https:\/\/zonaroja.com.mx\/?p=32201","title":{"rendered":"Reciben a AMLO en Oaxaca con bloqueo carretero"},"content":{"rendered":"\n<p>Redacci\u00f3n\/Zona Roja.<\/p>\n\n\n\n<p>Oaxaca de Ju\u00e1rez, Oax., 19 de septiembre de 2021.- El Presidente de M\u00e9xico, Andr\u00e9s Manuel L\u00f3pez Obrador, llega a Oaxaca este domingo para una gira de trabajo de dos d\u00edas.<\/p>\n\n\n\n<p>Sin embargo, ser\u00e1 recibido por protestas de eventuales despedidos del sector salud y por un bloqueo carretero en la v\u00eda federal 190, a la altura de Tlacolula de Matamoros, que rebasa las 12 horas.<\/p>\n\n\n\n<p>El arribo del mandatario nacional se prev\u00e9 al mediod\u00eda y ser\u00e1 recibido en el aeropuerto por el gobernador Alejandro Murat; hasta ahora no hay actividades p\u00fablicas programadas. El lunes presidir\u00e1 su conferencia matutina, como sede preliminar el Centro de Convenciones, y despu\u00e9s partir\u00e1 al Istmo.<\/p>\n\n\n\n<p>En esta actividad se prev\u00e9n protestas de trabajadores eventuales a los que los Servicios de Salud de Oaxaca ya no le renovaron el contrato, as\u00ed como de padres de familia de ni\u00f1os y ni\u00f1as con c\u00e1ncer, que exigen medicamentos y personal m\u00e9dico en el Hospital de la Ni\u00f1ez Oaxaque\u00f1a.<\/p>\n\n\n\n<p>SIGUE BLOQUEO<\/p>\n\n\n\n<p>En tanto, desde ayer por la tarde, habitantes de la unidad habitacional Rancho Valle del Lago, bloquean la carretera federal 190, a la altura de ese fraccionamiento, en jurisdicci\u00f3n de Tlacolula de Matamoros.<\/p>\n\n\n\n<p>De manera frecuente han demandado a la constructora Aguilar, que repare m\u00faltiples da\u00f1os en la zona en que viven, pues constantemente hay inundaci\u00f3n de viviendas y de calles. Pese a bloqueos en distintas fechas, aseguran que no hay recibido respuesta efectiva.<\/p>\n\n\n\n<p>De acuerdo con los vecinos, Mois\u00e9s Torres Aguilar, due\u00f1o de la inmobiliaria, se ha negado a presentarse para dialogar.<\/p>\n\n\n\n<p>Hasta esta ma\u00f1ana no han recibido atenci\u00f3n ni del ayuntamiento ni de la empresa ni de la Secretar\u00eda General de Gobierno (Segego), que se limit\u00f3 a pedir a los inconformes, v\u00eda redes sociales, que desistan de su protesta.<\/p>\n","protected":false},"excerpt":{"rendered":"<p>Redacci\u00f3n\/Zona Roja. Oaxaca de Ju\u00e1rez, Oax., 19 de septiembre de 2021.- El Presidente de M\u00e9xico,&hellip;<\/p>\n","protected":false},"author":2,"featured_media":32202,"comment_status":"closed","ping_status":"open","sticky":false,"template":"","format":"standard","meta":{"_lmt_disableupdate":"","_lmt_disable":"","_jetpack_memberships_contains_paid_content":false,"footnotes":""},"categories":[109,47],"tags":[127],"class_list":["post-32201","post","type-post","status-publish","format-standard","has-post-thumbnail","hentry","category-minuto-a-minuto","category-zona-gris","tag-tlacolula-de-matamoros"],"jetpack_featured_media_url":"https:\/\/zonaroja.com.mx\/wp-content\/uploads\/2021\/09\/Bloqueo-Tlacolula.jpg","jetpack_sharing_enabled":true,"_links":{"self":[{"href":"https:\/\/zonaroja.com.mx\/index.php?rest_route=\/wp\/v2\/posts\/32201","targetHints":{"allow":["GET"]}}],"collection":[{"href":"https:\/\/zonaroja.com.mx\/index.php?rest_route=\/wp\/v2\/posts"}],"about":[{"href":"https:\/\/zonaroja.com.mx\/index.php?rest_route=\/wp\/v2\/types\/post"}],"author":[{"embeddable":true,"href":"https:\/\/zonaroja.com.mx\/index.php?rest_route=\/wp\/v2\/users\/2"}],"replies":[{"embeddable":true,"href":"https:\/\/zonaroja.com.mx\/index.php?rest_route=%2Fwp%2Fv2%2Fcomments&post=32201"}],"version-history":[{"count":1,"href":"https:\/\/zonaroja.com.mx\/index.php?rest_route=\/wp\/v2\/posts\/32201\/revisions"}],"predecessor-version":[{"id":32203,"href":"https:\/\/zonaroja.com.mx\/index.php?rest_route=\/wp\/v2\/posts\/32201\/revisions\/32203"}],"wp:featuredmedia":[{"embeddable":true,"href":"https:\/\/zonaroja.com.mx\/index.php?rest_route=\/wp\/v2\/media\/32202"}],"wp:attachment":[{"href":"https:\/\/zonaroja.com.mx\/index.php?rest_route=%2Fwp%2Fv2%2Fmedia&parent=32201"}],"wp:term":[{"taxonomy":"category","embeddable":true,"href":"https:\/\/zonaroja.com.mx\/index.php?rest_route=%2Fwp%2Fv2%2Fcategories&post=32201"},{"taxonomy":"post_tag","embeddable":true,"href":"https:\/\/zonaroja.com.mx\/index.php?rest_route=%2Fwp%2Fv2%2Ftags&post=32201"}],"curies":[{"name":"wp","href":"https:\/\/api.w.org\/{rel}","templated":true}]}}