{"id":32204,"date":"2021-09-19T07:52:00","date_gmt":"2021-09-19T12:52:00","guid":{"rendered":"http:\/\/www.zonaroja.com.mx\/?p=32204"},"modified":"2021-09-19T07:52:05","modified_gmt":"2021-09-19T12:52:05","slug":"pide-legislador-proteger-cerro-del-creston-y-monumento-a-la-madre","status":"publish","type":"post","link":"https:\/\/zonaroja.com.mx\/?p=32204","title":{"rendered":"Pide legislador proteger cerro del Crest\u00f3n y monumento a la Madre"},"content":{"rendered":"\n<p>Ismael Garc\u00eda M.\/Zona Roja.<\/p>\n\n\n\n<p>Oaxaca de Ju\u00e1rez, Oax., 19 de septiembre de 2021.- Ante la nula respuesta de las autoridades, el diputado local por Morena, C\u00e9sar Morales Ni\u00f1o, insisti\u00f3 en la protecci\u00f3n y rescate del cerro del \u201cCrest\u00f3n\u201d de la ciudad de Oaxaca y el \u00e1rea del monumento a la Madre.<\/p>\n\n\n\n<p>En la sesi\u00f3n ordinaria de la 64 Legislatura del pasado mi\u00e9rcoles, record\u00f3 que se debe cumplir el decreto, a\u00fan vigente, publicado el 14 de noviembre de 1992, en el Peri\u00f3dico Oficial del Estado, donde se declar\u00f3 a esa zona como reserva ecol\u00f3gica y \u00e1rea natural protegida.<\/p>\n\n\n\n<p>\u201cEse decreto est\u00e1 vigente. El contenido de dicho decreto establece en su art\u00edculo 1, que el per\u00edmetro designado como reserva ecol\u00f3gica y \u00e1rea natural protegida, estar\u00eda libre de asentamientos humanos, entre dicha \u00e1rea se encuentra el cerro del \u2018Crest\u00f3n\u2019.<\/p>\n\n\n\n<p>\u201cEn el numeral 3, se estableci\u00f3 que las \u00e1reas protegidas se destinar\u00edan a la forestaci\u00f3n o reforestaci\u00f3n, y se especific\u00f3 que deb\u00eda hacerse con arbolado de viveros, frut\u00edcola y cultivo de temporal; en el art\u00edculo 5, se orden\u00f3 a la entonces Secretar\u00eda de Desarrollo Urbano, Comunicaciones y Obras P\u00fablicas. que iniciar\u00e1 los trabajos administrativos y ejecutivos para dar cumplimiento al decreto.<\/p>\n\n\n\n<p>Sin embargo, pese a que la Secretar\u00eda del Medio Ambiente, Energ\u00edas y Desarrollo Sustentable confirm\u00f3 que esa normatividad est\u00e1 vigente, las autoridades la han desconocido.<\/p>\n\n\n\n<p>Morales Ni\u00f1o record\u00f3 que en 1992, ante el crecimiento de la mancha urbana, el entonces gobernador, Heladio Ram\u00edrez L\u00f3pez, emiti\u00f3 el citado decreto, que \u201clos gobiernos siguientes, lo dejaron en el olvido, no lo cumplieron, y fueron tolerantes con la erosi\u00f3n, deforestaci\u00f3n, as\u00ed como con los incendios provocados por las invasiones y lotificaciones\u201d.<\/p>\n\n\n\n<p>A\u00f1adi\u00f3 que actualmente el cerro esta deforestado, existen varios asentamientos humanos irregulares, y recientemente trascendi\u00f3 que se pretend\u00eda poner a la venta, lo cual gener\u00f3 diversas manifestaciones sociales e inconformidad por parte de los vecinos.<\/p>\n\n\n\n<p>\u201cEl Gobierno del Estado debe proteger el cerro del \u2018Crest\u00f3n\u2019 y tiene la obligaci\u00f3n de reforestarlo, por ello se considera oportuno que esta Legislatura emita el exhorto que se propone\u201d, dijo.<\/p>\n\n\n\n<p>Por otra parte, propuso tambi\u00e9n al seno del Congreso del Estado un exhorto al presidente municipal de Oaxaca de Ju\u00e1rez, para que implemente acciones de rescate, preservaci\u00f3n y cuidados de la zona conocida como monumento a la Madre, para que sea un espacio p\u00fablico de convivencia y esparcimiento familiar.<\/p>\n\n\n\n<p>Dicho parque se encuentra en el abandono por parte de las autoridades, ambos est\u00e1n vandalizados con grafitis, no se le ha dado mantenimiento, conservaci\u00f3n, ya no se organizan ning\u00fan tipo de eventos en ese lugar y se ha convertido en un espacio para fomentar adicciones toxicas, dijo.<\/p>\n\n\n\n<p>El diputado expuso que recientemente trascendi\u00f3 en medios de comunicaci\u00f3n que, se pretende construir un estacionamiento privado en esa zona y que para ello se iban a derribar los arboles existentes en el lugar, lo cual caus\u00f3 indignaci\u00f3n entre los vecinos y gener\u00f3 una serie de movilizaciones.<\/p>\n\n\n\n<p>Por ello, plante\u00f3, es necesario que se implementen acciones urgentes para el mantenimiento, conservaci\u00f3n y embellecimiento de ese parque p\u00fablico, para que cumpla con su objetivo social de ser un centro de encuentro y esparcimiento familiar, pero adem\u00e1s de preservaci\u00f3n ecol\u00f3gica.<\/p>\n","protected":false},"excerpt":{"rendered":"<p>Ismael Garc\u00eda M.\/Zona Roja. Oaxaca de Ju\u00e1rez, Oax., 19 de septiembre de 2021.- Ante la&hellip;<\/p>\n","protected":false},"author":2,"featured_media":32189,"comment_status":"closed","ping_status":"open","sticky":false,"template":"","format":"standard","meta":{"_lmt_disableupdate":"","_lmt_disable":"","_jetpack_memberships_contains_paid_content":false,"footnotes":""},"categories":[109,46],"tags":[612],"class_list":["post-32204","post","type-post","status-publish","format-standard","has-post-thumbnail","hentry","category-minuto-a-minuto","category-zona-blanca","tag-cesar-morales-nino"],"jetpack_featured_media_url":"https:\/\/zonaroja.com.mx\/wp-content\/uploads\/2021\/09\/Cesar-Morales-3.jpg","jetpack_sharing_enabled":true,"_links":{"self":[{"href":"https:\/\/zonaroja.com.mx\/index.php?rest_route=\/wp\/v2\/posts\/32204","targetHints":{"allow":["GET"]}}],"collection":[{"href":"https:\/\/zonaroja.com.mx\/index.php?rest_route=\/wp\/v2\/posts"}],"about":[{"href":"https:\/\/zonaroja.com.mx\/index.php?rest_route=\/wp\/v2\/types\/post"}],"author":[{"embeddable":true,"href":"https:\/\/zonaroja.com.mx\/index.php?rest_route=\/wp\/v2\/users\/2"}],"replies":[{"embeddable":true,"href":"https:\/\/zonaroja.com.mx\/index.php?rest_route=%2Fwp%2Fv2%2Fcomments&post=32204"}],"version-history":[{"count":1,"href":"https:\/\/zonaroja.com.mx\/index.php?rest_route=\/wp\/v2\/posts\/32204\/revisions"}],"predecessor-version":[{"id":32205,"href":"https:\/\/zonaroja.com.mx\/index.php?rest_route=\/wp\/v2\/posts\/32204\/revisions\/32205"}],"wp:featuredmedia":[{"embeddable":true,"href":"https:\/\/zonaroja.com.mx\/index.php?rest_route=\/wp\/v2\/media\/32189"}],"wp:attachment":[{"href":"https:\/\/zonaroja.com.mx\/index.php?rest_route=%2Fwp%2Fv2%2Fmedia&parent=32204"}],"wp:term":[{"taxonomy":"category","embeddable":true,"href":"https:\/\/zonaroja.com.mx\/index.php?rest_route=%2Fwp%2Fv2%2Fcategories&post=32204"},{"taxonomy":"post_tag","embeddable":true,"href":"https:\/\/zonaroja.com.mx\/index.php?rest_route=%2Fwp%2Fv2%2Ftags&post=32204"}],"curies":[{"name":"wp","href":"https:\/\/api.w.org\/{rel}","templated":true}]}}