{"id":32212,"date":"2021-09-19T15:14:55","date_gmt":"2021-09-19T20:14:55","guid":{"rendered":"http:\/\/www.zonaroja.com.mx\/?p=32212"},"modified":"2021-09-19T15:15:54","modified_gmt":"2021-09-19T20:15:54","slug":"ofrece-amlo-resolver-crisis-en-salud-manana-acuerda-con-gobernador","status":"publish","type":"post","link":"https:\/\/zonaroja.com.mx\/?p=32212","title":{"rendered":"Ofrece AMLO resolver crisis en Salud; ma\u00f1ana acuerda con gobernador"},"content":{"rendered":"\n<p>Ismael Garc\u00eda M.\/Zona Roja.<\/p>\n\n\n\n<p>Oaxaca de Ju\u00e1rez, Oax., 19 de septiembre de 2021.- Este lunes iniciar\u00e1 el proceso de recontrataci\u00f3n del personal eventual de salud y ser\u00eda a trav\u00e9s del Instituto Mexicano del Seguro Social (IMSS), en su r\u00e9gimen Bienestar.<\/p>\n\n\n\n<p>As\u00ed lo convino hoy el Presidente Andr\u00e9s Manuel L\u00f3pez Obrador con el gobernador Alejandro Murat Hinojosa, en su primer d\u00eda de trabajo por Oaxaca.<\/p>\n\n\n\n<p>El mandatario mexicano arrib\u00f3 alrededor del mediod\u00eda al aeropuerto de Huatulco, desde donde se traslad\u00f3 por tierra a Salina Cruz, donde presidi\u00f3 con el Ejecutivo estatal la primera actividad.<\/p>\n\n\n\n<p>&#8211;Somos los verdaderos eventuales, queremos que nos haga justicia laboral; de dos, 19 a 20 a\u00f1os, hay compa\u00f1eros que han sido cesados -\u2013expusieron a L\u00f3pez Obrador en Salinas del Marqu\u00e9s, uno de los varios puntos en que fue interceptado el Presidente por el personal de salud no recontratado.<\/p>\n\n\n\n<p>\u201cSomos dos mil 600 a nivel estatal, en la Cuenca somos m\u00e1s de 300, desde m\u00e9dicos, enfermeras, trabajadoras sociales, camilleros, especialistas\u2026 todos fuimos cesados, nosotros somos los verdaderos eventuales, los que no tenemos base\u201d.<\/p>\n\n\n\n<figure class=\"wp-block-embed-twitter wp-block-embed is-type-rich is-provider-twitter\"><div class=\"wp-block-embed__wrapper\">\n<div class=\"twitter-tweet\"><blockquote class=\"twitter-tweet\" data-lang=\"es\"><p lang=\"es\" dir=\"ltr\"><a href=\"https:\/\/twitter.com\/hashtag\/%C3%9AltimoMinuto?src=hash&amp;ref_src=twsrc%5Etfw\">#\u00daltimoMinuto<\/a> <br>Ma\u00f1ana quedar\u00eda encausado y en v\u00edas de soluci\u00f3n problema de eventuales del sector salud, de acuerdo con fuentes del <a href=\"https:\/\/twitter.com\/GobOax?ref_src=twsrc%5Etfw\">@GobOax<\/a>. <br>En Salina Cruz, el Presidente <a href=\"https:\/\/twitter.com\/lopezobrador_?ref_src=twsrc%5Etfw\">@lopezobrador_<\/a> adelant\u00f3 la propuesta de contrataci\u00f3n, que podr\u00eda ser a trav\u00e9s del IMSS. <br>Video: 24 Noticias. <a href=\"https:\/\/t.co\/Sj2hR6h6Eu\">pic.twitter.com\/Sj2hR6h6Eu<\/a><\/p>&mdash; Zona Roja Oaxaca (@Zona_Roja_Oax) <a href=\"https:\/\/twitter.com\/Zona_Roja_Oax\/status\/1439659185478770695?ref_src=twsrc%5Etfw\">19 de septiembre de 2021<\/a><\/blockquote><\/div>\n<\/div><\/figure>\n\n\n\n<p>&#8211;Lo vamos a ver, lo vamos a ver, me lo han venido planteando en todo el camino compa\u00f1eras y compa\u00f1eros de ustedes. Lo voy a ver.<\/p>\n\n\n\n<p>&#8211;Por favor Presidente; no le deje a manos de ninguna organizaci\u00f3n sindical nuestro futuro, porque va a seguir pasando lo mismo, se\u00f1or Presidente. Creemos en usted, creemos que es justo.<\/p>\n\n\n\n<p>&#8211;Yo lo voy a resolver.<\/p>\n\n\n\n<p>&#8211;Por favor, creemos mucho en usted.<\/p>\n\n\n\n<p>&#8211;Yo lo voy a ver, es que lo tengo que ver con el del Insabi, con Juan Ferrer, y lo tengo que ver con Zoe Robledo, porque lo que quiero es que aprovechemos para ver si les podemos pasar al IMSS Bienestar. De esa manera ya quedan basificados para toda la vida.<\/p>\n\n\n\n<figure class=\"wp-block-image size-large\"><img decoding=\"async\" width=\"720\" height=\"540\" src=\"http:\/\/www.zonaroja.com.mx\/wp-content\/uploads\/2021\/09\/Eventuales-salud-AMLO.jpg\" alt=\"\" class=\"wp-image-32213\" srcset=\"https:\/\/zonaroja.com.mx\/wp-content\/uploads\/2021\/09\/Eventuales-salud-AMLO.jpg 720w, https:\/\/zonaroja.com.mx\/wp-content\/uploads\/2021\/09\/Eventuales-salud-AMLO-300x225.jpg 300w, https:\/\/zonaroja.com.mx\/wp-content\/uploads\/2021\/09\/Eventuales-salud-AMLO-585x439.jpg 585w\" sizes=\"(max-width: 720px) 100vw, 720px\" \/><\/figure>\n\n\n\n<p>&#8211;\u00a1Gracias por escuchar al pueblo de Oaxaca! Nosotros deseamos esa oportunidad, s\u00f3lo que no tenemos padrino; somos del pueblo. \u00a1Creemos en usted! \u00a1Presidente! \u00a1Presidente! \u00a1Presidente!<\/p>\n\n\n\n<p>As\u00ed fue adelantado el acuerdo que ma\u00f1ana se comenzar\u00eda a concretar de manera oficial, a trav\u00e9s de los recursos del Instituto de Salud Bienestar, pero bajo la administraci\u00f3n del IMSS Bienestar.<\/p>\n\n\n\n<p>La gira de trabajo del mandatario mexicano y Murat Hinojosa inici\u00f3 este domingo en la Terminal Mar\u00edtima Aeroportuaria, donde supervisan las obras de dragado y construcci\u00f3n de un rompeolas.<\/p>\n\n\n\n<p>Continuar\u00e1 hoy con la supervisi\u00f3n de la supercarretera Oaxaca-Istmo y ma\u00f1ana lunes presidir\u00e1 en inmediaciones de la capital la tradicional conferencia matutina.<\/p>\n\n\n\n<figure class=\"wp-block-embed-twitter wp-block-embed is-type-rich is-provider-twitter\"><div class=\"wp-block-embed__wrapper\">\n<div class=\"twitter-tweet\"><blockquote class=\"twitter-tweet\" data-lang=\"es\"><p lang=\"es\" dir=\"ltr\"><a href=\"https:\/\/twitter.com\/hashtag\/%C3%9AltimoMinuto?src=hash&amp;ref_src=twsrc%5Etfw\">#\u00daltimoMinuto<\/a> <br>En Salina Cruz, eventuales del sector salud despedidos, interceptan al Presidente Andr\u00e9s Manuel L\u00f3pez Obrador a su llegada a <a href=\"https:\/\/twitter.com\/hashtag\/Oaxaca?src=hash&amp;ref_src=twsrc%5Etfw\">#Oaxaca<\/a>, para exigirle la recontrataci\u00f3n. El mandatario mexicano se compromete a revisar la situaci\u00f3n. <a href=\"https:\/\/t.co\/iGBPlszU9o\">pic.twitter.com\/iGBPlszU9o<\/a><\/p>&mdash; Zona Roja Oaxaca (@Zona_Roja_Oax) <a href=\"https:\/\/twitter.com\/Zona_Roja_Oax\/status\/1439641071307341826?ref_src=twsrc%5Etfw\">19 de septiembre de 2021<\/a><\/blockquote><\/div>\n<\/div><\/figure>\n","protected":false},"excerpt":{"rendered":"<p>Ismael Garc\u00eda M.\/Zona Roja. Oaxaca de Ju\u00e1rez, Oax., 19 de septiembre de 2021.- Este lunes&hellip;<\/p>\n","protected":false},"author":2,"featured_media":32215,"comment_status":"closed","ping_status":"open","sticky":false,"template":"","format":"standard","meta":{"_lmt_disableupdate":"","_lmt_disable":"","_jetpack_memberships_contains_paid_content":false,"footnotes":""},"categories":[109,47],"tags":[143],"class_list":["post-32212","post","type-post","status-publish","format-standard","has-post-thumbnail","hentry","category-minuto-a-minuto","category-zona-gris","tag-andres-manuel-lopez-obrador"],"jetpack_featured_media_url":"https:\/\/zonaroja.com.mx\/wp-content\/uploads\/2021\/09\/AMLO-trabajadores-salud.jpg","jetpack_sharing_enabled":true,"_links":{"self":[{"href":"https:\/\/zonaroja.com.mx\/index.php?rest_route=\/wp\/v2\/posts\/32212","targetHints":{"allow":["GET"]}}],"collection":[{"href":"https:\/\/zonaroja.com.mx\/index.php?rest_route=\/wp\/v2\/posts"}],"about":[{"href":"https:\/\/zonaroja.com.mx\/index.php?rest_route=\/wp\/v2\/types\/post"}],"author":[{"embeddable":true,"href":"https:\/\/zonaroja.com.mx\/index.php?rest_route=\/wp\/v2\/users\/2"}],"replies":[{"embeddable":true,"href":"https:\/\/zonaroja.com.mx\/index.php?rest_route=%2Fwp%2Fv2%2Fcomments&post=32212"}],"version-history":[{"count":1,"href":"https:\/\/zonaroja.com.mx\/index.php?rest_route=\/wp\/v2\/posts\/32212\/revisions"}],"predecessor-version":[{"id":32214,"href":"https:\/\/zonaroja.com.mx\/index.php?rest_route=\/wp\/v2\/posts\/32212\/revisions\/32214"}],"wp:featuredmedia":[{"embeddable":true,"href":"https:\/\/zonaroja.com.mx\/index.php?rest_route=\/wp\/v2\/media\/32215"}],"wp:attachment":[{"href":"https:\/\/zonaroja.com.mx\/index.php?rest_route=%2Fwp%2Fv2%2Fmedia&parent=32212"}],"wp:term":[{"taxonomy":"category","embeddable":true,"href":"https:\/\/zonaroja.com.mx\/index.php?rest_route=%2Fwp%2Fv2%2Fcategories&post=32212"},{"taxonomy":"post_tag","embeddable":true,"href":"https:\/\/zonaroja.com.mx\/index.php?rest_route=%2Fwp%2Fv2%2Ftags&post=32212"}],"curies":[{"name":"wp","href":"https:\/\/api.w.org\/{rel}","templated":true}]}}