{"id":32218,"date":"2021-09-19T20:08:51","date_gmt":"2021-09-20T01:08:51","guid":{"rendered":"http:\/\/www.zonaroja.com.mx\/?p=32218"},"modified":"2021-09-19T20:08:54","modified_gmt":"2021-09-20T01:08:54","slug":"pandemia-latente-en-oaxaca-1758-contagios-y-150-decesos-en-una-semana","status":"publish","type":"post","link":"https:\/\/zonaroja.com.mx\/?p=32218","title":{"rendered":"Pandemia latente en Oaxaca: 1,758 contagios y 150 decesos en una semana"},"content":{"rendered":"\n<p>Redacci\u00f3n\/Zona Roja.<\/p>\n\n\n\n<p>Oaxaca de Ju\u00e1rez, Oax., 19 de septiembre de 2021.- En la semana del 12 al 18 de septiembre, Oaxaca acumul\u00f3 mil 758 casos positivos a Covid y 150 decesos.<\/p>\n\n\n\n<p>Ello representa un promedio de 251.1 contagiados y 21.4 decesos por d\u00eda, de acuerdo con las cifras de los Servicios de Salud de Oaxaca.<\/p>\n\n\n\n<p>En un comunicado emitido esta noche, la dependencia resalt\u00f3 que el promedio de la red hospitalaria para la atenci\u00f3n de pacientes con esta enfermedad respiratoria fue del 60.3%.<\/p>\n\n\n\n<p>Asimismo, lament\u00f3 que durante esta semana se reportaran 150 desafortunados decesos a causa de esta patolog\u00eda. Respecto de los casos positivos, inform\u00f3 que la semana que culmina hubo 598 casos menos que el mismo lapso que le precede.<\/p>\n\n\n\n<figure class=\"wp-block-embed-twitter wp-block-embed is-type-rich is-provider-twitter\"><div class=\"wp-block-embed__wrapper\">\n<div class=\"twitter-tweet\"><blockquote class=\"twitter-tweet\" data-lang=\"es\"><p lang=\"es\" dir=\"ltr\">Informe de los <a href=\"https:\/\/twitter.com\/SSO_GobOax?ref_src=twsrc%5Etfw\">@SSO_GobOax<\/a> respecto al sem\u00e1foro de riesgo epidemiol\u00f3gico de la COVID-19 en Oaxaca. Sigue la transmisi\u00f3n por el siguiente link: <a href=\"https:\/\/t.co\/kvTy5ExG8Q\">https:\/\/t.co\/kvTy5ExG8Q<\/a><\/p>&mdash; CORTV (@cortv) <a href=\"https:\/\/twitter.com\/cortv\/status\/1439740796673069061?ref_src=twsrc%5Etfw\">19 de septiembre de 2021<\/a><\/blockquote><\/div>\n<\/div><\/figure>\n\n\n\n<p>Indic\u00f3 que el territorio oaxaque\u00f1o se mantendr\u00e1 en sem\u00e1foro epidemiol\u00f3gico en color amarillo del 20 de septiembre al 3 de octubre; a pesar de ello, los contagios, casos activos, defunciones y hospitalizaciones por el SARS-CoV-2, contin\u00faan, dijo.<\/p>\n\n\n\n<p>De ah\u00ed que, resalt\u00f3 la importancia de la participaci\u00f3n y disciplina de la poblaci\u00f3n para la aplicaci\u00f3n de todas las medidas de prevenci\u00f3n, a fin de mitigar la emergencia sanitaria.<\/p>\n\n\n\n<p>Puntualiz\u00f3 que la inmunizaci\u00f3n contra la Covid-19 contin\u00faa a lo largo y ancho del estado, gracias a lo cual, durante los \u00faltimos siete d\u00edas se logr\u00f3 aplicar m\u00e1s de 15 mil biol\u00f3gicos de la farmac\u00e9utica AstraZeneca a la poblaci\u00f3n de 18 a 49 a\u00f1os de la Sierra Norte y Cuenca del Papaloapan.<\/p>\n\n\n\n<p>As\u00ed tambi\u00e9n m\u00e1s de mil unidosis de CanSino Biologic a los habitantes de la Sierra Sur.<\/p>\n\n\n\n<p>Expuso que, solo actuando de manera responsable, se podr\u00e1 frenar la expansi\u00f3n de la pandemia y avanzar hacia la nueva normalidad.<\/p>\n","protected":false},"excerpt":{"rendered":"<p>Redacci\u00f3n\/Zona Roja. Oaxaca de Ju\u00e1rez, Oax., 19 de septiembre de 2021.- En la semana del&hellip;<\/p>\n","protected":false},"author":2,"featured_media":32219,"comment_status":"closed","ping_status":"open","sticky":false,"template":"","format":"standard","meta":{"_lmt_disableupdate":"","_lmt_disable":"","_jetpack_memberships_contains_paid_content":false,"footnotes":""},"categories":[109,47],"tags":[1512],"class_list":["post-32218","post","type-post","status-publish","format-standard","has-post-thumbnail","hentry","category-minuto-a-minuto","category-zona-gris","tag-coronavirus-oaxaca"],"jetpack_featured_media_url":"https:\/\/zonaroja.com.mx\/wp-content\/uploads\/2021\/09\/Coronavirus-ciudad-de-Oaxaca.jpg","jetpack_sharing_enabled":true,"_links":{"self":[{"href":"https:\/\/zonaroja.com.mx\/index.php?rest_route=\/wp\/v2\/posts\/32218","targetHints":{"allow":["GET"]}}],"collection":[{"href":"https:\/\/zonaroja.com.mx\/index.php?rest_route=\/wp\/v2\/posts"}],"about":[{"href":"https:\/\/zonaroja.com.mx\/index.php?rest_route=\/wp\/v2\/types\/post"}],"author":[{"embeddable":true,"href":"https:\/\/zonaroja.com.mx\/index.php?rest_route=\/wp\/v2\/users\/2"}],"replies":[{"embeddable":true,"href":"https:\/\/zonaroja.com.mx\/index.php?rest_route=%2Fwp%2Fv2%2Fcomments&post=32218"}],"version-history":[{"count":1,"href":"https:\/\/zonaroja.com.mx\/index.php?rest_route=\/wp\/v2\/posts\/32218\/revisions"}],"predecessor-version":[{"id":32220,"href":"https:\/\/zonaroja.com.mx\/index.php?rest_route=\/wp\/v2\/posts\/32218\/revisions\/32220"}],"wp:featuredmedia":[{"embeddable":true,"href":"https:\/\/zonaroja.com.mx\/index.php?rest_route=\/wp\/v2\/media\/32219"}],"wp:attachment":[{"href":"https:\/\/zonaroja.com.mx\/index.php?rest_route=%2Fwp%2Fv2%2Fmedia&parent=32218"}],"wp:term":[{"taxonomy":"category","embeddable":true,"href":"https:\/\/zonaroja.com.mx\/index.php?rest_route=%2Fwp%2Fv2%2Fcategories&post=32218"},{"taxonomy":"post_tag","embeddable":true,"href":"https:\/\/zonaroja.com.mx\/index.php?rest_route=%2Fwp%2Fv2%2Ftags&post=32218"}],"curies":[{"name":"wp","href":"https:\/\/api.w.org\/{rel}","templated":true}]}}