{"id":32223,"date":"2021-09-19T21:59:04","date_gmt":"2021-09-20T02:59:04","guid":{"rendered":"http:\/\/www.zonaroja.com.mx\/?p=32223"},"modified":"2021-09-19T21:59:07","modified_gmt":"2021-09-20T02:59:07","slug":"ejecutan-este-domingo-a-dos-personas-en-oaxaca","status":"publish","type":"post","link":"https:\/\/zonaroja.com.mx\/?p=32223","title":{"rendered":"Ejecutan este domingo a dos personas en Oaxaca"},"content":{"rendered":"\n<p>Redacci\u00f3n\/Zona Roja.<\/p>\n\n\n\n<p>Oaxaca de Ju\u00e1rez, Oax., 19 de septiembre de 2021.- Dos personas fueron ejecutadas a balazos este domingo en Oaxaca, en las regiones Costa y Cuenca del Papaloapan.<\/p>\n\n\n\n<p>En San Pedro Pochutla, esta noche fue asesinado un individuo en el Barrio Laborillo, con al menos 11 impactos de arma de fuego.<\/p>\n\n\n\n<p>En vida respondi\u00f3 al nombre de Jes\u00fas Rodolfo Altamirano Hern\u00e1ndez, de 19 a\u00f1os de edad, y a\u00fan se desconocen los motivos del crimen.<\/p>\n\n\n\n<p>Mientras que en la tarde de hoy pero en San Juan Bautista Tuxtepec, fue ultimado a balazos un individuo, sobre la carretera federal 175, Oaxaca-Tuxtepec, en inmediaciones de la colonia Obrera.<\/p>\n\n\n\n<p>Sujetos armados le dieron alcance al motociclista y le dispararon de manera directa, tras lo cual huyeron; hasta el momento la v\u00edctima no ha sido identificada.<\/p>\n","protected":false},"excerpt":{"rendered":"<p>Redacci\u00f3n\/Zona Roja. Oaxaca de Ju\u00e1rez, Oax., 19 de septiembre de 2021.- Dos personas fueron ejecutadas&hellip;<\/p>\n","protected":false},"author":2,"featured_media":7486,"comment_status":"closed","ping_status":"open","sticky":false,"template":"","format":"standard","meta":{"_lmt_disableupdate":"","_lmt_disable":"","_jetpack_memberships_contains_paid_content":false,"footnotes":""},"categories":[109,51],"tags":[151],"class_list":["post-32223","post","type-post","status-publish","format-standard","has-post-thumbnail","hentry","category-minuto-a-minuto","category-zona-roja","tag-san-pedro-pochutla"],"jetpack_featured_media_url":"https:\/\/zonaroja.com.mx\/wp-content\/uploads\/2020\/01\/Escena-del-crimen7.jpg","jetpack_sharing_enabled":true,"_links":{"self":[{"href":"https:\/\/zonaroja.com.mx\/index.php?rest_route=\/wp\/v2\/posts\/32223","targetHints":{"allow":["GET"]}}],"collection":[{"href":"https:\/\/zonaroja.com.mx\/index.php?rest_route=\/wp\/v2\/posts"}],"about":[{"href":"https:\/\/zonaroja.com.mx\/index.php?rest_route=\/wp\/v2\/types\/post"}],"author":[{"embeddable":true,"href":"https:\/\/zonaroja.com.mx\/index.php?rest_route=\/wp\/v2\/users\/2"}],"replies":[{"embeddable":true,"href":"https:\/\/zonaroja.com.mx\/index.php?rest_route=%2Fwp%2Fv2%2Fcomments&post=32223"}],"version-history":[{"count":1,"href":"https:\/\/zonaroja.com.mx\/index.php?rest_route=\/wp\/v2\/posts\/32223\/revisions"}],"predecessor-version":[{"id":32224,"href":"https:\/\/zonaroja.com.mx\/index.php?rest_route=\/wp\/v2\/posts\/32223\/revisions\/32224"}],"wp:featuredmedia":[{"embeddable":true,"href":"https:\/\/zonaroja.com.mx\/index.php?rest_route=\/wp\/v2\/media\/7486"}],"wp:attachment":[{"href":"https:\/\/zonaroja.com.mx\/index.php?rest_route=%2Fwp%2Fv2%2Fmedia&parent=32223"}],"wp:term":[{"taxonomy":"category","embeddable":true,"href":"https:\/\/zonaroja.com.mx\/index.php?rest_route=%2Fwp%2Fv2%2Fcategories&post=32223"},{"taxonomy":"post_tag","embeddable":true,"href":"https:\/\/zonaroja.com.mx\/index.php?rest_route=%2Fwp%2Fv2%2Ftags&post=32223"}],"curies":[{"name":"wp","href":"https:\/\/api.w.org\/{rel}","templated":true}]}}