{"id":32237,"date":"2021-09-20T09:58:36","date_gmt":"2021-09-20T14:58:36","guid":{"rendered":"http:\/\/www.zonaroja.com.mx\/?p=32237"},"modified":"2021-09-20T09:58:39","modified_gmt":"2021-09-20T14:58:39","slug":"suman-tres-personas-ejecutadas-este-domingo-en-oaxaca","status":"publish","type":"post","link":"https:\/\/zonaroja.com.mx\/?p=32237","title":{"rendered":"Suman tres personas ejecutadas este domingo en Oaxaca"},"content":{"rendered":"\n<p>Redacci\u00f3n\/Zona Roja.<\/p>\n\n\n\n<p>Oaxaca de Ju\u00e1rez, Oax., 20 de septiembre de 2021.- Tres personas fueron asesinadas a balazos en el transcurso del domingo, primer d\u00eda de visita del Presidente Andr\u00e9s Manuel L\u00f3pez Obrador a Oaxaca.<\/p>\n\n\n\n<p>El m\u00e1s reciente caso ocurri\u00f3 anoche en San Andr\u00e9s Huaxpaltepec, municipio de la regi\u00f3n Costa, donde fue ultimado en el interior de un restaurante el propietario del negocio.<\/p>\n\n\n\n<p>La v\u00edctima fue identificada como Jes\u00fas D. M. Q., de 32 a\u00f1os de edad, y hasta el momento se desconoce qui\u00e9n o qui\u00e9nes lo acribillaron.<\/p>\n\n\n\n<p>Mientras tanto, el asesinado ayer por la tarde en San Juan Bautista Tuxtepec fue identificada como Aquilino Santiago Orozco, de la comunidad de Pescadito, perteneciente al municipio de Valle Nacional.<\/p>\n\n\n\n<p>Fue ejecutado sobre la carretera federal 175, a la altura de la colonia Obrera, cuando se trasladaba en su motocicleta; no se tienen indicios del o los autores del crimen.<\/p>\n\n\n\n<p>Tambi\u00e9n por la tarde pero en San Pedro Pochutla, fue ultimado a balazos Jes\u00fas Rodolfo Altamirano, en el Barrio Labor\u00edo de dicho municipio coste\u00f1o.<\/p>\n\n\n\n<p>En los tres casos no hay personas detenidas.<\/p>\n","protected":false},"excerpt":{"rendered":"<p>Redacci\u00f3n\/Zona Roja. Oaxaca de Ju\u00e1rez, Oax., 20 de septiembre de 2021.- Tres personas fueron asesinadas&hellip;<\/p>\n","protected":false},"author":2,"featured_media":32235,"comment_status":"closed","ping_status":"open","sticky":false,"template":"","format":"standard","meta":{"_lmt_disableupdate":"","_lmt_disable":"","_jetpack_memberships_contains_paid_content":false,"footnotes":""},"categories":[109,51],"tags":[2051],"class_list":["post-32237","post","type-post","status-publish","format-standard","has-post-thumbnail","hentry","category-minuto-a-minuto","category-zona-roja","tag-san-andres-huaxpaltepec"],"jetpack_featured_media_url":"https:\/\/zonaroja.com.mx\/wp-content\/uploads\/2021\/09\/Asesinado-en-Costa-Huaxpaltepec.jpg","jetpack_sharing_enabled":true,"_links":{"self":[{"href":"https:\/\/zonaroja.com.mx\/index.php?rest_route=\/wp\/v2\/posts\/32237","targetHints":{"allow":["GET"]}}],"collection":[{"href":"https:\/\/zonaroja.com.mx\/index.php?rest_route=\/wp\/v2\/posts"}],"about":[{"href":"https:\/\/zonaroja.com.mx\/index.php?rest_route=\/wp\/v2\/types\/post"}],"author":[{"embeddable":true,"href":"https:\/\/zonaroja.com.mx\/index.php?rest_route=\/wp\/v2\/users\/2"}],"replies":[{"embeddable":true,"href":"https:\/\/zonaroja.com.mx\/index.php?rest_route=%2Fwp%2Fv2%2Fcomments&post=32237"}],"version-history":[{"count":1,"href":"https:\/\/zonaroja.com.mx\/index.php?rest_route=\/wp\/v2\/posts\/32237\/revisions"}],"predecessor-version":[{"id":32238,"href":"https:\/\/zonaroja.com.mx\/index.php?rest_route=\/wp\/v2\/posts\/32237\/revisions\/32238"}],"wp:featuredmedia":[{"embeddable":true,"href":"https:\/\/zonaroja.com.mx\/index.php?rest_route=\/wp\/v2\/media\/32235"}],"wp:attachment":[{"href":"https:\/\/zonaroja.com.mx\/index.php?rest_route=%2Fwp%2Fv2%2Fmedia&parent=32237"}],"wp:term":[{"taxonomy":"category","embeddable":true,"href":"https:\/\/zonaroja.com.mx\/index.php?rest_route=%2Fwp%2Fv2%2Fcategories&post=32237"},{"taxonomy":"post_tag","embeddable":true,"href":"https:\/\/zonaroja.com.mx\/index.php?rest_route=%2Fwp%2Fv2%2Ftags&post=32237"}],"curies":[{"name":"wp","href":"https:\/\/api.w.org\/{rel}","templated":true}]}}