{"id":32239,"date":"2021-09-20T10:01:15","date_gmt":"2021-09-20T15:01:15","guid":{"rendered":"http:\/\/www.zonaroja.com.mx\/?p=32239"},"modified":"2021-09-20T10:01:18","modified_gmt":"2021-09-20T15:01:18","slug":"denuncian-que-bebe-se-encuentra-en-peligro-de-muerte-por-desatencion-medica","status":"publish","type":"post","link":"https:\/\/zonaroja.com.mx\/?p=32239","title":{"rendered":"Denuncian que beb\u00e9 se encuentra en peligro de muerte por desatenci\u00f3n m\u00e9dica"},"content":{"rendered":"\n<p>Evlin Arag\u00f3n\/Zona Roja.<\/p>\n\n\n\n<p>Oaxaca de Ju\u00e1rez, Oax., 20 de septiembre de 2021.- Familiares de una peque\u00f1ita que naci\u00f3 prematura y que requiere con urgencia atenci\u00f3n m\u00e9dica, denunciaron que no ha sido posible el traslado al Hospital de la Ni\u00f1ez Oaxaque\u00f1a debido a la situaci\u00f3n que enfrenta el nosocomio con el reciente despido de personal m\u00e9dico y de enfermer\u00eda.&nbsp;<\/p>\n\n\n\n<p>As\u00ed lo se\u00f1al\u00f3 Eugenia Leandro Castelar, madre de la beb\u00e9, quien relat\u00f3 que el pasado martes 7 de septiembre ingres\u00f3 al Hospital Rural N\u00famero 37 del IMSS de Mat\u00edas Romero debido a que presentaba presi\u00f3n alta y preclamsia, misma que deriv\u00f3 en una ces\u00e1rea de urgencia.&nbsp;&nbsp;&nbsp;<\/p>\n\n\n\n<p>Por lo prematuro del parto, la beb\u00e9 ha estado en la incubadora desde el 8 de septiembre, sin embargo, tres d\u00edas despu\u00e9s su salud se vio a\u00fan m\u00e1s comprometida raz\u00f3n por lo que se ha solicitado su traslado a un hospital especializado, sin \u00e9xito hasta el momento.<\/p>\n\n\n\n<p>\u201cYo le pido a familiares y amigos que por favor me ayuden a compartir este video, necesito ayuda porque mi beb\u00e9 est\u00e1 muy delicada de salud y requiere de cuidados intensivos en un hospital especializado\u201d, indic\u00f3 la madre de familia.&nbsp;&nbsp;<\/p>\n\n\n\n<p>Por su parte, Mario Mart\u00ednez Cort\u00e9s, padre de la menor, dio a conocer que, aunque han insistido en la solicitud del traslado, las autoridades les han informado que no es posible debido a un problema que tiene el gobierno de Oaxaca con el Hospital de la Ni\u00f1ez.<\/p>\n\n\n\n<p>\u201cHemos solicitado el traslado inmediato a la ciudad de Oaxaca y la \u00fanica respuesta que hemos tenido es que el gobierno estatal tiene problemas con el Hospital de la Ni\u00f1ez por lo cual no ha sido aceptada mi peque\u00f1ita\u201d, indic\u00f3.&nbsp;<\/p>\n\n\n\n<p>Ante dicha situaci\u00f3n pidi\u00f3 el respaldo de la poblaci\u00f3n ya que el pr\u00f3ximo martes realizar\u00e1 un bloqueo carretero para exigir atenci\u00f3n por parte de las autoridades, no sin antes cuestionar que problemas pol\u00edticos pongan en riesgo la salud de ni\u00f1as y ni\u00f1os.&nbsp;<\/p>\n\n\n\n<p>\u201cYo le pido de antemano su apoyo al pueblo porque no puede ser posible que una peque\u00f1ita sufra estas consecuencias por problemas pol\u00edticos. Yo le exijo al gobierno estatal y federal, al Presidente de M\u00e9xico, Andr\u00e9s Manuel L\u00f3pez Obrador, que mi voz sea escuchada\u201d, sentenci\u00f3.&nbsp;<\/p>\n\n\n\n<p>Desde el pasado mi\u00e9rcoles, la Asociaci\u00f3n de M\u00e9dicos del Hospital de la Ni\u00f1ez Oaxaque\u00f1a dio a conocer el despido del 30 por ciento de su plantilla, que se encontraba en modalidad de eventual, lo cual repercute en la atenci\u00f3n de ni\u00f1as y ni\u00f1os con enfermedades complejas.&nbsp;<\/p>\n","protected":false},"excerpt":{"rendered":"<p>Evlin Arag\u00f3n\/Zona Roja. Oaxaca de Ju\u00e1rez, Oax., 20 de septiembre de 2021.- Familiares de una&hellip;<\/p>\n","protected":false},"author":2,"featured_media":32236,"comment_status":"closed","ping_status":"open","sticky":false,"template":"","format":"standard","meta":{"_lmt_disableupdate":"","_lmt_disable":"","_jetpack_memberships_contains_paid_content":false,"footnotes":""},"categories":[109,47],"tags":[228],"class_list":["post-32239","post","type-post","status-publish","format-standard","has-post-thumbnail","hentry","category-minuto-a-minuto","category-zona-gris","tag-matias-romero-avendano"],"jetpack_featured_media_url":"https:\/\/zonaroja.com.mx\/wp-content\/uploads\/2021\/09\/protesta-Matias-Romero.jpg","jetpack_sharing_enabled":true,"_links":{"self":[{"href":"https:\/\/zonaroja.com.mx\/index.php?rest_route=\/wp\/v2\/posts\/32239","targetHints":{"allow":["GET"]}}],"collection":[{"href":"https:\/\/zonaroja.com.mx\/index.php?rest_route=\/wp\/v2\/posts"}],"about":[{"href":"https:\/\/zonaroja.com.mx\/index.php?rest_route=\/wp\/v2\/types\/post"}],"author":[{"embeddable":true,"href":"https:\/\/zonaroja.com.mx\/index.php?rest_route=\/wp\/v2\/users\/2"}],"replies":[{"embeddable":true,"href":"https:\/\/zonaroja.com.mx\/index.php?rest_route=%2Fwp%2Fv2%2Fcomments&post=32239"}],"version-history":[{"count":1,"href":"https:\/\/zonaroja.com.mx\/index.php?rest_route=\/wp\/v2\/posts\/32239\/revisions"}],"predecessor-version":[{"id":32240,"href":"https:\/\/zonaroja.com.mx\/index.php?rest_route=\/wp\/v2\/posts\/32239\/revisions\/32240"}],"wp:featuredmedia":[{"embeddable":true,"href":"https:\/\/zonaroja.com.mx\/index.php?rest_route=\/wp\/v2\/media\/32236"}],"wp:attachment":[{"href":"https:\/\/zonaroja.com.mx\/index.php?rest_route=%2Fwp%2Fv2%2Fmedia&parent=32239"}],"wp:term":[{"taxonomy":"category","embeddable":true,"href":"https:\/\/zonaroja.com.mx\/index.php?rest_route=%2Fwp%2Fv2%2Fcategories&post=32239"},{"taxonomy":"post_tag","embeddable":true,"href":"https:\/\/zonaroja.com.mx\/index.php?rest_route=%2Fwp%2Fv2%2Ftags&post=32239"}],"curies":[{"name":"wp","href":"https:\/\/api.w.org\/{rel}","templated":true}]}}