{"id":32242,"date":"2021-09-20T14:34:43","date_gmt":"2021-09-20T19:34:43","guid":{"rendered":"http:\/\/www.zonaroja.com.mx\/?p=32242"},"modified":"2021-09-20T14:34:46","modified_gmt":"2021-09-20T19:34:46","slug":"destaca-oaxaca-apoyos-de-lopez-obrador-en-salud-inversion-e-infraestructura","status":"publish","type":"post","link":"https:\/\/zonaroja.com.mx\/?p=32242","title":{"rendered":"Destaca Oaxaca apoyos de L\u00f3pez Obrador en salud, inversi\u00f3n e infraestructura"},"content":{"rendered":"\n<p>Redacci\u00f3n\/Zona Roja.<\/p>\n\n\n\n<p>Oaxaca de Ju\u00e1rez, Oax., 20 de septiembre de 2021.- El gobernador Alejandro Murat Hinojosa dio a conocer que gracias al esfuerzo de las fuerzas armadas del Gobierno de M\u00e9xico, para contrarrestar los \u00edndices de la pandemia por el Covid-19, al d\u00eda de hoy se han aplicado 2.7 millones de vacunas en el estado de Oaxaca en menos de un mes, lo que representa m\u00e1s de la mitad de la poblaci\u00f3n.<\/p>\n\n\n\n<p>\u201cEstamos cerca de los cuatro millones de habitantes que tiene el estado de Oaxaca\u201d, afirm\u00f3 durante la conferencia matutina encabezada por el Presidente de M\u00e9xico, Andr\u00e9s Manuel L\u00f3pez Obrador, quien se encuentra de gira de trabajo en la entidad oaxaque\u00f1a.<\/p>\n\n\n\n<p>De esta manera, Murat Hinojosa destac\u00f3 que este respaldo solidario del gobierno federal en materia de salud, se ha visto reflejado especialmente en el n\u00famero de contagios y tambi\u00e9n en el \u00edndice de letalidad.<\/p>\n\n\n\n<p>Asimismo, el gobernador de Oaxaca destac\u00f3 la suma de esfuerzo con el Gobierno de M\u00e9xico en materia de econom\u00eda, especialmente la inversi\u00f3n de infraestructura, en la que se han proyectado cerca de 20 mil millones de pesos, lo que ha permitido que hoy Oaxaca, de acuerdo con el Inegi, sea el estado con mayor crecimiento del pa\u00eds, 4.5%.<\/p>\n\n\n\n<p>A\u00f1adi\u00f3 que esto tambi\u00e9n se ha reflejado en los \u00edndices de pobreza gracias a los programas de asistencia social, en donde de acuerdo con el Inegi y el Coneval, Oaxaca es el estado que m\u00e1s creci\u00f3 en ingreso en los hogares con 7.8%, y en reducci\u00f3n de la pobreza 2% y en pobreza extrema 1%.<\/p>\n\n\n\n<p>En materia de seguridad, Murat Hinojosa se\u00f1al\u00f3 que derivado de la excelente coordinaci\u00f3n entre las fuerzas del orden de los tres niveles de gobierno, Oaxaca ocupa el noveno lugar dentro del ranking de los estados m\u00e1s seguros del pa\u00eds y el octavo en delitos de alto impacto.<\/p>\n\n\n\n<p>\u201cGracias a la coordinaci\u00f3n con el Gobierno de M\u00e9xico, hay gobernabilidad en Oaxaca\u201d, expres\u00f3, al tiempo de se\u00f1alar tambi\u00e9n que de 80 conflictos agrarios que se tienen en la entidad, se han podido atender m\u00e1s de 46, el \u00faltimo el de Tamazul\u00e1pam del Esp\u00edritu Santo y San Pedro y San Pablo Ayutla.<\/p>\n\n\n\n<figure class=\"wp-block-embed-twitter wp-block-embed is-type-rich is-provider-twitter\"><div class=\"wp-block-embed__wrapper\">\n<div class=\"twitter-tweet\"><blockquote class=\"twitter-tweet\" data-lang=\"es\"><p lang=\"es\" dir=\"ltr\">1. El gobernador <a href=\"https:\/\/twitter.com\/alejandromurat?ref_src=twsrc%5Etfw\">@alejandromurat<\/a> dio la bienvenida al Presidente <a href=\"https:\/\/twitter.com\/lopezobrador_?ref_src=twsrc%5Etfw\">@lopezobrador_<\/a> al iniciar su conferencia matutina desde <a href=\"https:\/\/twitter.com\/hashtag\/Oaxaca?src=hash&amp;ref_src=twsrc%5Etfw\">#Oaxaca<\/a>. <br>Destac\u00f3 el desarrollo econ\u00f3mico que registra la entidad. <a href=\"https:\/\/t.co\/gvp5s5SEpF\">pic.twitter.com\/gvp5s5SEpF<\/a><\/p>&mdash; Zona Roja Oaxaca (@Zona_Roja_Oax) <a href=\"https:\/\/twitter.com\/Zona_Roja_Oax\/status\/1440006849131130883?ref_src=twsrc%5Etfw\">20 de septiembre de 2021<\/a><\/blockquote><\/div>\n<\/div><\/figure>\n\n\n\n<p>HAY SEGURIDAD<\/p>\n\n\n\n<p>Durante la conferencia matutina, el secretario de la Defensa Nacional, General Luis Cresencio Sandoval Gonz\u00e1lez, dio a conocer la incidencia delictiva en la entidad, con informaci\u00f3n del Secretariado Ejecutivo del Sistema Nacional de Seguridad P\u00fablica al mes de julio, en donde destac\u00f3 la tendencia a la baja en delitos de alto impacto que ha registrado Oaxaca.<\/p>\n\n\n\n<p>En combate contra la delincuencia organizada, destac\u00f3 la destrucci\u00f3n de m\u00e1s de ocho mil plant\u00edos de mariguana, en 333 hect\u00e1reas, y cinco mil 511 plant\u00edos de amapola, en 352 hect\u00e1reas; as\u00ed como 3 mil 599 kilogramos de mariguana.<\/p>\n\n\n\n<p>Tambi\u00e9n dijo, el Sistema de Vigilancia A\u00e9rea de Seguridad Nacional han detectado tres rutas a\u00e9reas en la entidad que se utilizan para el tr\u00e1fico de enervantes, lo que ha permitido llevar a cabo el aseguramiento aeronaves y dichas sustancias con intervenci\u00f3n de elementos de la Secretaria de Marina, Secretar\u00eda de la Defensa Nacional y la Guardia Nacional.<\/p>\n\n\n\n<p>CORREDOR INTEROCE\u00c1NICO<\/p>\n\n\n\n<p>En su m\u00e1s reciente visita a la entidad, el Presidente Andr\u00e9s Manuel L\u00f3pez Obrador, destac\u00f3 los avances registrados en la construcci\u00f3n del Corredor Interoce\u00e1nico, y se\u00f1al\u00f3 que el Tren de carga y pasajeros que se construye de Salina Cruz a Coatzacoalcos, se buscara inaugurarlo a mediados del a\u00f1o pr\u00f3ximo.<\/p>\n\n\n\n<p>A\u00f1adi\u00f3 que en esta ocasi\u00f3n se verificaron los diez parques industriales que se est\u00e1n adaptando para la instalaci\u00f3n de f\u00e1bricas y que permitir\u00e1n detonar el desarrollo en el Istmo; asimismo se supervis\u00f3 la Carretera Oaxaca- Istmo.<\/p>\n","protected":false},"excerpt":{"rendered":"<p>Redacci\u00f3n\/Zona Roja. Oaxaca de Ju\u00e1rez, Oax., 20 de septiembre de 2021.- El gobernador Alejandro Murat&hellip;<\/p>\n","protected":false},"author":2,"featured_media":32243,"comment_status":"closed","ping_status":"open","sticky":false,"template":"","format":"standard","meta":{"_lmt_disableupdate":"","_lmt_disable":"","_jetpack_memberships_contains_paid_content":false,"footnotes":""},"categories":[109,47],"tags":[173,1536],"class_list":["post-32242","post","type-post","status-publish","format-standard","has-post-thumbnail","hentry","category-minuto-a-minuto","category-zona-gris","tag-alejandro-murat-hinojosa","tag-visita-andres-manuel-lopez-obrador-a-oaxaca"],"jetpack_featured_media_url":"https:\/\/zonaroja.com.mx\/wp-content\/uploads\/2021\/09\/AMH-5.jpeg","jetpack_sharing_enabled":true,"_links":{"self":[{"href":"https:\/\/zonaroja.com.mx\/index.php?rest_route=\/wp\/v2\/posts\/32242","targetHints":{"allow":["GET"]}}],"collection":[{"href":"https:\/\/zonaroja.com.mx\/index.php?rest_route=\/wp\/v2\/posts"}],"about":[{"href":"https:\/\/zonaroja.com.mx\/index.php?rest_route=\/wp\/v2\/types\/post"}],"author":[{"embeddable":true,"href":"https:\/\/zonaroja.com.mx\/index.php?rest_route=\/wp\/v2\/users\/2"}],"replies":[{"embeddable":true,"href":"https:\/\/zonaroja.com.mx\/index.php?rest_route=%2Fwp%2Fv2%2Fcomments&post=32242"}],"version-history":[{"count":1,"href":"https:\/\/zonaroja.com.mx\/index.php?rest_route=\/wp\/v2\/posts\/32242\/revisions"}],"predecessor-version":[{"id":32244,"href":"https:\/\/zonaroja.com.mx\/index.php?rest_route=\/wp\/v2\/posts\/32242\/revisions\/32244"}],"wp:featuredmedia":[{"embeddable":true,"href":"https:\/\/zonaroja.com.mx\/index.php?rest_route=\/wp\/v2\/media\/32243"}],"wp:attachment":[{"href":"https:\/\/zonaroja.com.mx\/index.php?rest_route=%2Fwp%2Fv2%2Fmedia&parent=32242"}],"wp:term":[{"taxonomy":"category","embeddable":true,"href":"https:\/\/zonaroja.com.mx\/index.php?rest_route=%2Fwp%2Fv2%2Fcategories&post=32242"},{"taxonomy":"post_tag","embeddable":true,"href":"https:\/\/zonaroja.com.mx\/index.php?rest_route=%2Fwp%2Fv2%2Ftags&post=32242"}],"curies":[{"name":"wp","href":"https:\/\/api.w.org\/{rel}","templated":true}]}}