{"id":32245,"date":"2021-09-20T15:44:58","date_gmt":"2021-09-20T20:44:58","guid":{"rendered":"https:\/\/www.zonaroja.com.mx\/?p=32245"},"modified":"2021-09-20T21:53:34","modified_gmt":"2021-09-21T02:53:34","slug":"detonan-multiples-protestas-en-segundo-dia-de-amlo-en-oaxaca-ante-incapacidad-de-segego","status":"publish","type":"post","link":"https:\/\/zonaroja.com.mx\/?p=32245","title":{"rendered":"Detonan m\u00faltiples  protestas en segundo d\u00eda de AMLO en Oaxaca, ante incapacidad de Segego"},"content":{"rendered":"\n<p>Evlin Arag\u00f3n\/Zona Roja.&nbsp;<\/p>\n\n\n\n<p>Oaxaca de Ju\u00e1rez, Oax., 20 de septiembre de 2021.1&nbsp;Con todo y el respaldo con el que cuenta por parte de un importante sector de la poblaci\u00f3n oaxaque\u00f1a, la m\u00e1s reciente visita del Presidente de la Rep\u00fablica, Andr\u00e9s Manuel L\u00f3pez Obrador, se vio envuelta en una serie de movilizaciones, que iniciaron desde muy temprana hora y se extendieron durante la mayor parte del d\u00eda.&nbsp;&nbsp;<\/p>\n\n\n\n<p>Alrededor&nbsp;de las cinco de la ma\u00f1ana, con pancarta en mano, personal recientemente despedido de los Servicios de Salud de Oaxaca (SSO) arrib\u00f3 a inmediaciones de la Zona Militar en Santa Mar\u00eda Ixcotel, donde se llev\u00f3 a cabo la conferencia matutina del mandatario federal.&nbsp;&nbsp;<\/p>\n\n\n\n<p>Como lo han hecho desde el mi\u00e9rcoles pasado, solicitaron la intervenci\u00f3n de la Federaci\u00f3n para resolver la problem\u00e1tica que agudizo la crisis que ya de por s\u00ed padece el sector salud y que ahora ha puesto en jaque la atenci\u00f3n m\u00e9dica de la poblaci\u00f3n con mayor vulnerabilidad.\u00a0\u00a0<\/p>\n\n\n\n<figure class=\"wp-block-embed-twitter wp-block-embed is-type-rich is-provider-twitter\"><div class=\"wp-block-embed__wrapper\">\n<div class=\"twitter-tweet\"><blockquote class=\"twitter-tweet\" data-lang=\"es\"><p lang=\"es\" dir=\"ltr\">Un grupo de supuestos eventuales del sector salud intent\u00f3 con violencia evitar el ingreso del Presidente <a href=\"https:\/\/twitter.com\/lopezobrador_?ref_src=twsrc%5Etfw\">@lopezobrador_<\/a> a la Zona Militar en Santa Mar\u00eda Ixcotel, <a href=\"https:\/\/twitter.com\/hashtag\/Oaxaca?src=hash&amp;ref_src=twsrc%5Etfw\">#Oaxaca<\/a>, la ma\u00f1ana de hoy. <br>Desde ayer el propio mandatario ha escuchado y atendido a los afectados por desempleo. <a href=\"https:\/\/t.co\/vSPcFZsnkS\">pic.twitter.com\/vSPcFZsnkS<\/a><\/p>&mdash; Zona Roja Oaxaca (@Zona_Roja_Oax) <a href=\"https:\/\/twitter.com\/Zona_Roja_Oax\/status\/1440105969594380288?ref_src=twsrc%5Etfw\">21 de septiembre de 2021<\/a><\/blockquote><\/div>\n<\/div><\/figure>\n\n\n\n<p>Por ello, independientemente de la concentraci\u00f3n, realizaron tambi\u00e9n una marcha, por las principales calles de la ciudad. Lo anterior pese a que el Presidente se comprometi\u00f3 a revisar la situaci\u00f3n, al ser interceptado, en varias ocasiones, durante su recorrido ayer por carretera.&nbsp;&nbsp;<\/p>\n\n\n\n<p>Ah\u00ed mismo se dieron cita padres y madres de familia de ni\u00f1os con c\u00e1ncer, quienes exigieron la recontrataci\u00f3n del personal eventual adscrito al Hospital de la Ni\u00f1ez Oaxaque\u00f1a, a fin de que se pueda reanudar la atenci\u00f3n m\u00e9dica en beneficio de sus peque\u00f1os usuarios.\u00a0\u00a0<\/p>\n\n\n\n<figure class=\"wp-block-embed-twitter wp-block-embed is-type-rich is-provider-twitter\"><div class=\"wp-block-embed__wrapper\">\n<div class=\"twitter-tweet\"><blockquote class=\"twitter-tweet\" data-lang=\"es\"><p lang=\"es\" dir=\"ltr\"><a href=\"https:\/\/twitter.com\/hashtag\/%C3%9AltimoMinuto?src=hash&amp;ref_src=twsrc%5Etfw\">#\u00daltimoMinuto<\/a> <br>M\u00e1s de ocho horas lleva bloqueada la carretera federal 175 Oaxaca-Puerto \u00c1ngel, en jurisdicci\u00f3n de la Villa de <a href=\"https:\/\/twitter.com\/hashtag\/Zaachila?src=hash&amp;ref_src=twsrc%5Etfw\">#Zaachila<\/a>. <br>En\u00e9simo fracaso de la <a href=\"https:\/\/twitter.com\/SEGEGO_GobOax?ref_src=twsrc%5Etfw\">@SEGEGO_GobOax<\/a> y nula atenci\u00f3n del ayuntamiento. <a href=\"https:\/\/t.co\/hiMsEppCLW\">pic.twitter.com\/hiMsEppCLW<\/a><\/p>&mdash; Zona Roja Oaxaca (@Zona_Roja_Oax) <a href=\"https:\/\/twitter.com\/Zona_Roja_Oax\/status\/1440067734323093512?ref_src=twsrc%5Etfw\">20 de septiembre de 2021<\/a><\/blockquote><\/div>\n<\/div><\/figure>\n\n\n\n<p>HASTA DE VERACRUZ<\/p>\n\n\n\n<p>Otra de las manifestaciones que se hicieron presentes, fue la encabezada por familiares de Tony Carbajal, quienes denunciaron la detenci\u00f3n arbitraria de la que fue v\u00edctima en el estado de Veracruz, donde las autoridades de la administraci\u00f3n de Cuitl\u00e1huac Garc\u00eda lo acusan de ultrajes a la autoridad, delito que aseguran fue fabricado,&nbsp;&nbsp;<\/p>\n\n\n\n<p>Y es que, de acuerdo con el testimonio, el trasfondo del asunto es un predio del que se quieren apoderar las autoridadades estatales, de ah\u00ed que el pasado 18 de agosto fue \u201clevantado\u201d uno de los integrantes de la familia mientras que el resto es perseguido por la propia Fiscal\u00eda de Veracruz.&nbsp;&nbsp;<\/p>\n\n\n\n<p>\u201cMi hermano fue levantado por elementos de la Fiscal\u00eda General del Estado en compa\u00f1\u00eda de su hijo de siete a\u00f1os. No es justo que por un tema de inter\u00e9s econ\u00f3mico quieran acabar con mi familia\u201d, indicaron.&nbsp;&nbsp;<\/p>\n\n\n\n<p>En este mismo sentido lamentaron la Secretar\u00eda de Gobernaci\u00f3n no les haya brindado las medidas de protecci\u00f3n que han solicitado, de ah\u00ed que esperaban ser escuchado por el presidente de la Rep\u00fablica, situaci\u00f3n que lamentablemente no sucedi\u00f3.\u00a0\u00a0<\/p>\n\n\n\n<figure class=\"wp-block-embed-twitter wp-block-embed is-type-rich is-provider-twitter\"><div class=\"wp-block-embed__wrapper\">\n<div class=\"twitter-tweet\"><blockquote class=\"twitter-tweet\" data-lang=\"es\"><p lang=\"es\" dir=\"ltr\"><a href=\"https:\/\/twitter.com\/hashtag\/%C3%9AltimoMinuto?src=hash&amp;ref_src=twsrc%5Etfw\">#\u00daltimoMinuto<\/a> <br>Una familia proveniente de <a href=\"https:\/\/twitter.com\/hashtag\/Veracruz?src=hash&amp;ref_src=twsrc%5Etfw\">#Veracruz<\/a>, tambi\u00e9n lleg\u00f3 a protestar en instalaciones de la zona militar, en Santa Mar\u00eda Ixcotel, Oaxaca, para denunciar arbitrariedades por parte del gobierno de <a href=\"https:\/\/twitter.com\/CuitlahuacGJ?ref_src=twsrc%5Etfw\">@CuitlahuacGJ<\/a>, por la desaparici\u00f3n de un joven y otros acosos judiciales. <a href=\"https:\/\/t.co\/eg9Q9EX0R0\">pic.twitter.com\/eg9Q9EX0R0<\/a><\/p>&mdash; Zona Roja Oaxaca (@Zona_Roja_Oax) <a href=\"https:\/\/twitter.com\/Zona_Roja_Oax\/status\/1439996972195266564?ref_src=twsrc%5Etfw\">20 de septiembre de 2021<\/a><\/blockquote><\/div>\n<\/div><\/figure>\n\n\n\n<p>&nbsp;TAMBI\u00c9N TELIXTLAHUACA&nbsp;<\/p>\n\n\n\n<p>Una m\u00e1s, fue la protesta encabezada por pobladores de San Francisco Telixtlahuaca que manifestaron p\u00fablicamente una serie de irregularidades al interior del municipio y acusaron a la edil,&nbsp;Nidia Betzabeth Garc\u00eda P\u00e9rez, de diversos actos de corrupci\u00f3n.&nbsp;<\/p>\n\n\n\n<p>\u201cSan Francisco Telixtlahuaca se hace presente para exigir la anulaci\u00f3n de la elecci\u00f3n y la auditoria al ayuntamiento actual que encabeza Nidia Betzabeth Garc\u00eda P\u00e9rez. Se rob\u00f3 la elecci\u00f3n utilizando la compra del voto con el erario del pueblo\u201d, dijo uno de los habitantes.&nbsp;&nbsp;<\/p>\n\n\n\n<p>En este sentido asegur\u00f3 que la edil gan\u00f3 la reelecci\u00f3n utilizando el recurso del pueblo y beneficiando al Partido Redes Sociales Progresistas, propiedad de Elba Esther Gordillo; mientras que ahora se encuentra en alianza con el senador de la Rep\u00fablica, Salom\u00f3n Jara Cruz, para impulsarlo a la gubernatura.&nbsp;&nbsp;<\/p>\n\n\n\n<p>Al lugar tambi\u00e9n se dio cita un reducido grupo de simpatizantes de Tania L\u00f3pez L\u00f3pez, candidata electa a la presidencia municipal de Santa Cruz Xoxocotl\u00e1n y cuyo triunfo fue anulado por el Tribunal Electoral del Poder Judicial de la Federaci\u00f3n, de ah\u00ed que pidieron respeto a la elecci\u00f3n.\u00a0\u00a0<\/p>\n\n\n\n<figure class=\"wp-block-embed-twitter wp-block-embed is-type-rich is-provider-twitter\"><div class=\"wp-block-embed__wrapper\">\n<div class=\"twitter-tweet\"><blockquote class=\"twitter-tweet\" data-lang=\"es\"><p lang=\"es\" dir=\"ltr\"><a href=\"https:\/\/twitter.com\/hashtag\/%C3%9AltimoMinuto?src=hash&amp;ref_src=twsrc%5Etfw\">#\u00daltimoMinuto<\/a> <br>Una de las m\u00faltiples protestas al exterior de la zona militar de la <a href=\"https:\/\/twitter.com\/SEDENAmx?ref_src=twsrc%5Etfw\">@SEDENAmx<\/a>, fue de habitantes de San Francisco Telixtlahuaca, que denuncian m\u00faltiples irregularidades y presunta corrupci\u00f3n de su presidenta municipal. <a href=\"https:\/\/t.co\/BDB00fMxkF\">pic.twitter.com\/BDB00fMxkF<\/a><\/p>&mdash; Zona Roja Oaxaca (@Zona_Roja_Oax) <a href=\"https:\/\/twitter.com\/Zona_Roja_Oax\/status\/1439968686278856705?ref_src=twsrc%5Etfw\">20 de septiembre de 2021<\/a><\/blockquote><\/div>\n<\/div><\/figure>\n\n\n\n<p>Finalmente, y en otro punto de la ciudad, integrantes del Sindicato de Trabajadores y Empleados de la Universidad Aut\u00f3noma \u201cBenito Ju\u00e1rez\u201d de&nbsp;Oaxaca bloquearon avenida Universidad para denunciar la falta de atenci\u00f3n a sus demandas de car\u00e1cter laboral por parte de la autoridad universitaria y el gobierno del estado.&nbsp;&nbsp;<\/p>\n\n\n\n<p>As\u00ed mismo, habitantes de las colonias Campo&nbsp;Real y Valle Dorado, pertenecientes al municipio de la Villa de Zaachila, bloquearon la carretera federal 175 Oaxaca-Puerto Escondido, exigiendo la autorizaci\u00f3n inmediata del recurso para la perforaci\u00f3n del pozo profundo que este abastece de agua potable a los hogares de dicha zona.&nbsp;&nbsp;<\/p>\n\n\n\n<p>De acuerdo con el grupo manifestante, la obra cuenta con la validaci\u00f3n por parte de la Comisi\u00f3n Estatal de Agua (CEA) as\u00ed tambi\u00e9n con la concesi\u00f3n de la Comisi\u00f3n Nacional del Agua.&nbsp;&nbsp;<\/p>\n\n\n\n<p>A dicha protesta se uni\u00f3 el bloqueo que se registr\u00f3 en el kil\u00f3metro 204 antes de llegar a Nochixtl\u00e1n, en el paraje conocido como Cruz de piedra, raz\u00f3n por la que fue cerrada la s\u00faper carretera; as\u00ed como el bloqueo instalado sobre carretera Panamericana del tramo Niltepec &#8211; Tapanatepec, a la altura de la poblaci\u00f3n de Zanatepec.\u00a0<\/p>\n\n\n\n<figure class=\"wp-block-embed-twitter wp-block-embed is-type-rich is-provider-twitter\"><div class=\"wp-block-embed__wrapper\">\n<div class=\"twitter-tweet\"><blockquote class=\"twitter-tweet\" data-lang=\"es\"><p lang=\"es\" dir=\"ltr\"><a href=\"https:\/\/twitter.com\/hashtag\/%C3%9AltimoMinuto?src=hash&amp;ref_src=twsrc%5Etfw\">#\u00daltimoMinuto<\/a> <br>Desde las 05:00 arribaron trabajadores eventuales del sector salud al acceso a la Zona Militar,en Santa Mar\u00eda Ixcotel, Oaxaca, a fin de buscar di\u00e1logo con el Presidente <a href=\"https:\/\/twitter.com\/lopezobrador_?ref_src=twsrc%5Etfw\">@lopezobrador_<\/a>, que acompa\u00f1ado del gobernador <a href=\"https:\/\/twitter.com\/alejandromurat?ref_src=twsrc%5Etfw\">@alejandromurat<\/a>, dar\u00e1 su conferencia en ese sitio. <a href=\"https:\/\/t.co\/a4xCTmnm3P\">pic.twitter.com\/a4xCTmnm3P<\/a><\/p>&mdash; Zona Roja Oaxaca (@Zona_Roja_Oax) <a href=\"https:\/\/twitter.com\/Zona_Roja_Oax\/status\/1439901258970697737?ref_src=twsrc%5Etfw\">20 de septiembre de 2021<\/a><\/blockquote><\/div>\n<\/div><\/figure>\n\n\n\n<p> <\/p>\n","protected":false},"excerpt":{"rendered":"<p>Evlin Arag\u00f3n\/Zona Roja.&nbsp; Oaxaca de Ju\u00e1rez, Oax., 20 de septiembre de 2021.1&nbsp;Con todo y el&hellip;<\/p>\n","protected":false},"author":2,"featured_media":32234,"comment_status":"closed","ping_status":"open","sticky":false,"template":"","format":"standard","meta":{"_lmt_disableupdate":"","_lmt_disable":"","_jetpack_memberships_contains_paid_content":false,"footnotes":""},"categories":[109,47],"tags":[],"class_list":["post-32245","post","type-post","status-publish","format-standard","has-post-thumbnail","hentry","category-minuto-a-minuto","category-zona-gris"],"jetpack_featured_media_url":"https:\/\/zonaroja.com.mx\/wp-content\/uploads\/2021\/09\/Protestas-AMLO-Zona-Militar.jpg","jetpack_sharing_enabled":true,"_links":{"self":[{"href":"https:\/\/zonaroja.com.mx\/index.php?rest_route=\/wp\/v2\/posts\/32245","targetHints":{"allow":["GET"]}}],"collection":[{"href":"https:\/\/zonaroja.com.mx\/index.php?rest_route=\/wp\/v2\/posts"}],"about":[{"href":"https:\/\/zonaroja.com.mx\/index.php?rest_route=\/wp\/v2\/types\/post"}],"author":[{"embeddable":true,"href":"https:\/\/zonaroja.com.mx\/index.php?rest_route=\/wp\/v2\/users\/2"}],"replies":[{"embeddable":true,"href":"https:\/\/zonaroja.com.mx\/index.php?rest_route=%2Fwp%2Fv2%2Fcomments&post=32245"}],"version-history":[{"count":2,"href":"https:\/\/zonaroja.com.mx\/index.php?rest_route=\/wp\/v2\/posts\/32245\/revisions"}],"predecessor-version":[{"id":32258,"href":"https:\/\/zonaroja.com.mx\/index.php?rest_route=\/wp\/v2\/posts\/32245\/revisions\/32258"}],"wp:featuredmedia":[{"embeddable":true,"href":"https:\/\/zonaroja.com.mx\/index.php?rest_route=\/wp\/v2\/media\/32234"}],"wp:attachment":[{"href":"https:\/\/zonaroja.com.mx\/index.php?rest_route=%2Fwp%2Fv2%2Fmedia&parent=32245"}],"wp:term":[{"taxonomy":"category","embeddable":true,"href":"https:\/\/zonaroja.com.mx\/index.php?rest_route=%2Fwp%2Fv2%2Fcategories&post=32245"},{"taxonomy":"post_tag","embeddable":true,"href":"https:\/\/zonaroja.com.mx\/index.php?rest_route=%2Fwp%2Fv2%2Ftags&post=32245"}],"curies":[{"name":"wp","href":"https:\/\/api.w.org\/{rel}","templated":true}]}}