{"id":32247,"date":"2021-09-20T16:08:03","date_gmt":"2021-09-20T21:08:03","guid":{"rendered":"http:\/\/www.zonaroja.com.mx\/?p=32247"},"modified":"2021-09-20T16:08:07","modified_gmt":"2021-09-20T21:08:07","slug":"atentan-contra-autoridades-de-ayutla-mixe-piden-castigo-para-los-culpables","status":"publish","type":"post","link":"https:\/\/zonaroja.com.mx\/?p=32247","title":{"rendered":"Atentan contra autoridades de Ayutla Mixe, piden castigo para los culpables&nbsp;"},"content":{"rendered":"\n<p>Evlin Arag\u00f3n\/Zona Roja.<\/p>\n\n\n\n<p>Oaxaca de Ju\u00e1rez, Oax., 20 de septiembre de 2021.- En el marco de la visita del Presidente Andr\u00e9s Manuel L\u00f3pez Obrador a Oaxaca y a d\u00edas que se firmara el acuerdo que pone fin al conflicto entre San Pedro y San Ayutla y Tamazul\u00e1pam del Esp\u00edritu Santo, el edil de Ayutla fue v\u00edctima de un atentado.<\/p>\n\n\n\n<p>De acuerdo con un comunicado y videos, el ataque hacia el presidente municipal Jes\u00fas Galv\u00e1n Rojas fue en sus bienes, al incendiar una camioneta de su propiedad, adem\u00e1s de detonar armas de fuego, con la firme intenci\u00f3n de amedrentarlo, acci\u00f3n que adem\u00e1s se deriva de una serie de amenazas de las que ya hab\u00eda cuenta ante la Defensor\u00eda de Derechos Humanos de Oaxaca.\u00a0\u00a0\u00a0<\/p>\n\n\n\n<p>Los hechos quedaron registrados en un video que r\u00e1pidamente se difundi\u00f3 a trav\u00e9s de las redes sociales, mismo en el que pueden observar los esfuerzos de varias personas por sofocar el incendio, ocurrido la madrugada de hoy, a fin de evitar un da\u00f1o mayor para la poblaci\u00f3n.<\/p>\n\n\n\n<p>\u201cHoy se cumplieron las amenazas de grupos caciquiles en contra del presidente municipal de Ayutla Mixe, le prendieron fuego a su camioneta y detonaron armas de fuego, \u00bfQu\u00e9 intereses ven afectados con la firma de paz entre Ayutla y Tamazul\u00e1pam?\u201d, cuestion\u00f3 a trav\u00e9s de sus redes sociales Flor D\u00e1nae Galv\u00e1n Morales, polit\u00f3loga y originaria del municipio mixe.<\/p>\n\n\n\n<p>La publicaci\u00f3n de la joven fue acompa\u00f1ada de una fotograf\u00eda donde se observan los da\u00f1os causados en el veh\u00edculo, as\u00ed como la solicitud de las medidas cautelares al secretario de Seguridad P\u00fablica, para que elementos de la corporaci\u00f3n realizaran recorridos de vigilancia y seguridad en el municipio.<\/p>\n\n\n\n<p>El documento, emitido por la Defensor\u00eda de los Derechos Humanos del Pueblo de Oaxaca y fechado el 13 de septiembre, con lo que refiere el antecedente de amenazas en contra del edil; su suplente, Minerva Rodr\u00edguez Patricio; y el representante de Bienes Comunales, Gualterio de Jes\u00fas Ram\u00edrez, a quienes se dirige el oficio, expone:<\/p>\n\n\n\n<p>\u201c\u2026al Fiscal General del Estado para que se inicie la carpeta de investigaci\u00f3n por los delitos que pudieran estarse cometiendo en su contra y dentro de la misma, se valoren las situaciones de riesgo existentes y de resultar procedente, se emitan las medidas de protecci\u00f3n que resulten necesarias para salvaguardar su integridad y seguridad personales\u201d.&nbsp;&nbsp;&nbsp;<\/p>\n\n\n\n<p>Al respecto, la organizaci\u00f3n Comuna Oaxaca y el activista Flavio Sosa Villavicencio, exigieron que se investiguen los hechos a profundidad y se castigue el atentado, toda vez que el edil se ha mantenido durante todo este tiempo como un promotor de la paz en la comunidad.\u00a0<\/p>\n\n\n\n<figure class=\"wp-block-embed-twitter wp-block-embed is-type-rich is-provider-twitter\"><div class=\"wp-block-embed__wrapper\">\n<div class=\"twitter-tweet\"><blockquote class=\"twitter-tweet\" data-lang=\"es\"><p lang=\"es\" dir=\"ltr\"><a href=\"https:\/\/twitter.com\/hashtag\/%C3%9AltimoMinuto?src=hash&amp;ref_src=twsrc%5Etfw\">#\u00daltimoMinuto<\/a> <br>Denuncian atentado contra el presidente municipal de San Pedro y San Pablo <a href=\"https:\/\/twitter.com\/hashtag\/Ayutla?src=hash&amp;ref_src=twsrc%5Etfw\">#Ayutla<\/a>, Jes\u00fas Galv\u00e1n Rojas. <br>Sujetos desconocidos incendiaron su unidad de motor en un domicilio de dicho municipio de la zona <a href=\"https:\/\/twitter.com\/hashtag\/Mixe?src=hash&amp;ref_src=twsrc%5Etfw\">#Mixe<\/a> del estado de <a href=\"https:\/\/twitter.com\/hashtag\/Oaxaca?src=hash&amp;ref_src=twsrc%5Etfw\">#Oaxaca<\/a>. <a href=\"https:\/\/t.co\/V7IO432Ywf\">pic.twitter.com\/V7IO432Ywf<\/a><\/p>&mdash; Zona Roja Oaxaca (@Zona_Roja_Oax) <a href=\"https:\/\/twitter.com\/Zona_Roja_Oax\/status\/1439980181687504902?ref_src=twsrc%5Etfw\">20 de septiembre de 2021<\/a><\/blockquote><\/div>\n<\/div><\/figure>\n\n\n\n<p>\u201cTerrible mensaje contra un hombre que est\u00e1 construyendo la paz entre Ayutla y Tamazulapam\u201d, indic\u00f3 Flavio Sosa en sus redes sociales.<\/p>\n\n\n\n<p>En el mismo sentido se pronunci\u00f3 la diputada local por Morena, Magaly L\u00f3pez Dom\u00ednguez, quien conden\u00f3 los hechos y exigi\u00f3 castigo para quien o quienes resulten responsables de sembrar el miedo en la poblaci\u00f3n.&nbsp;<\/p>\n\n\n\n<p>\u201cMe sumo a la condena al atentado contra el presidente municipal de San Pedro y San Pablo Ayutla, Jes\u00fas Galv\u00e1n Rojas, y a la exigencia de que se identifique y castigue a los culpables, sean quienes sean\u201d, public\u00f3.&nbsp;<\/p>\n\n\n\n<p>CONDENAN HECHO<\/p>\n\n\n\n<p>Mientras que la autoridad de San Pedro y San Ayutla lament\u00f3 y conden\u00f3 los hechos registrados la madrugada de este lunes, mismos que aseguraron se presentar\u00e1 ante la asamblea comunitaria para su an\u00e1lisis y determinaci\u00f3n, debido a la gravedad que representa.&nbsp;<\/p>\n\n\n\n<p>\u201cPara esta comunidad ind\u00edgena mixe es indignante que las m\u00faltiples amenazas realizadas por grupos radicales de esta misma comunidad contra las autoridades municipales se intensificaran con la firma de un Acta de Acuerdo con la comunidad vecina y se materializara con la quema de veh\u00edculos\u201d, refiere el documento firmado por los integrantes del Cabildo.&nbsp;<\/p>\n\n\n\n<p>As\u00ed mismo, exigen a los medios de comunicaci\u00f3n y dem\u00e1s organizaciones a conducirse con respeto a la autonom\u00eda y toma de decisiones del pueblo, a fin de evitar azuzar a\u00fan m\u00e1s el conflicto intercomunitario; a la par que pidieron a las y los comuneros conducirse de forma pac\u00edfica en todo momento.&nbsp;<\/p>\n","protected":false},"excerpt":{"rendered":"<p>Evlin Arag\u00f3n\/Zona Roja. Oaxaca de Ju\u00e1rez, Oax., 20 de septiembre de 2021.- En el marco&hellip;<\/p>\n","protected":false},"author":2,"featured_media":32248,"comment_status":"closed","ping_status":"open","sticky":false,"template":"","format":"standard","meta":{"_lmt_disableupdate":"","_lmt_disable":"","_jetpack_memberships_contains_paid_content":false,"footnotes":""},"categories":[109,47],"tags":[356],"class_list":["post-32247","post","type-post","status-publish","format-standard","has-post-thumbnail","hentry","category-minuto-a-minuto","category-zona-gris","tag-conflicto-san-pedro-y-san-pablo-ayutla-y-tamazulapam-del-espiritu-santo"],"jetpack_featured_media_url":"https:\/\/zonaroja.com.mx\/wp-content\/uploads\/2021\/09\/Atentado-edil-Ayutla-Mixe.jpg","jetpack_sharing_enabled":true,"_links":{"self":[{"href":"https:\/\/zonaroja.com.mx\/index.php?rest_route=\/wp\/v2\/posts\/32247","targetHints":{"allow":["GET"]}}],"collection":[{"href":"https:\/\/zonaroja.com.mx\/index.php?rest_route=\/wp\/v2\/posts"}],"about":[{"href":"https:\/\/zonaroja.com.mx\/index.php?rest_route=\/wp\/v2\/types\/post"}],"author":[{"embeddable":true,"href":"https:\/\/zonaroja.com.mx\/index.php?rest_route=\/wp\/v2\/users\/2"}],"replies":[{"embeddable":true,"href":"https:\/\/zonaroja.com.mx\/index.php?rest_route=%2Fwp%2Fv2%2Fcomments&post=32247"}],"version-history":[{"count":1,"href":"https:\/\/zonaroja.com.mx\/index.php?rest_route=\/wp\/v2\/posts\/32247\/revisions"}],"predecessor-version":[{"id":32249,"href":"https:\/\/zonaroja.com.mx\/index.php?rest_route=\/wp\/v2\/posts\/32247\/revisions\/32249"}],"wp:featuredmedia":[{"embeddable":true,"href":"https:\/\/zonaroja.com.mx\/index.php?rest_route=\/wp\/v2\/media\/32248"}],"wp:attachment":[{"href":"https:\/\/zonaroja.com.mx\/index.php?rest_route=%2Fwp%2Fv2%2Fmedia&parent=32247"}],"wp:term":[{"taxonomy":"category","embeddable":true,"href":"https:\/\/zonaroja.com.mx\/index.php?rest_route=%2Fwp%2Fv2%2Fcategories&post=32247"},{"taxonomy":"post_tag","embeddable":true,"href":"https:\/\/zonaroja.com.mx\/index.php?rest_route=%2Fwp%2Fv2%2Ftags&post=32247"}],"curies":[{"name":"wp","href":"https:\/\/api.w.org\/{rel}","templated":true}]}}