{"id":32250,"date":"2021-09-20T18:31:49","date_gmt":"2021-09-20T23:31:49","guid":{"rendered":"http:\/\/www.zonaroja.com.mx\/?p=32250"},"modified":"2021-09-20T18:31:55","modified_gmt":"2021-09-20T23:31:55","slug":"en-oaxaca-acusan-ante-el-presidente-desfalcos-en-los-servicios-de-salud","status":"publish","type":"post","link":"https:\/\/zonaroja.com.mx\/?p=32250","title":{"rendered":"En Oaxaca, acusan ante el Presidente desfalcos en los servicios de salud"},"content":{"rendered":"\n<p>Redacci\u00f3n\/Zona Roja.<\/p>\n\n\n\n<p>Ciudad de M\u00e9xico, 20 de septiembre de 2021.- El presidente Andr\u00e9s Manuel L\u00f3pez Obrador fue abordado ayer a mediod\u00eda en Oaxaca por un grupo de enfermeras, camilleros y m\u00e9dicos, quienes le hicieron saber de las anomal\u00edas en los Servicios de Salud del estado a ra\u00edz de los desfalcos y hechos de corrupci\u00f3n en los gobiernos de Ulises Ruiz Ortiz y Gabino Cu\u00e9 Monteagudo.<\/p>\n\n\n\n<p>A partir de los acuerdos que en su momento firmaron ambos, se deriv\u00f3 en una crisis en el sector, que a su vez ha llevado a la no recontrataci\u00f3n de mil 200 trabajadores.<\/p>\n\n\n\n<p>A trav\u00e9s de un video en redes, se observ\u00f3 al mandatario bajar el vidrio de la camioneta que lo conduc\u00eda a una gira por el istmo, a la que lo acompa\u00f1a el gobernador Alejandro Murat Hinojosa, para escuchar a las mujeres y hombres del sector salud, que le entregaron documentos donde se expone la situaci\u00f3n.<\/p>\n\n\n\n<p>\u2013Se\u00f1or Presidente, bienvenido a Oaxaca, nos da mucho gusto verlo y conocerlo en persona, somos m\u00e9dicos del sistema de salud del estado, fuimos despedidos, ya no tenemos contrato. Somos mil 200 trabajadores \u2013expuso uno de ellos.<\/p>\n\n\n\n<p>\u2013Voy a estar con el gobernador (Alejandro Murat) hoy y les vamos a contestar todo. No ten\u00edamos m\u00e9dicos. D\u00e9jenme que yo vea bien como est\u00e1 \u2013respondi\u00f3 el mandatario.<\/p>\n\n\n\n<p>La compleja situaci\u00f3n en torno a los trabajadores de los Servicios de Salud de Oaxaca se explica por los convenios firmados \u2013en sus respectivas administraciones\u2013, por Ulises Ruiz y Gabino Cu\u00e9 y el gobierno federal, en los sexenios de Felipe Calder\u00f3n y Enrique Pe\u00f1a Nieto.<\/p>\n\n\n\n<p>En esos documentos se estableci\u00f3 la contrataci\u00f3n de personal con el esquema de responsabilidad de recursos, en una proporci\u00f3n de 70 por ciento para el gobierno federal y 30 por ciento para el estatal.<\/p>\n\n\n\n<p>Ambos gobiernos del estado incumplieron. En la administraci\u00f3n de Ulises Ruiz se recuerda el desfalco a los servicios de salud porque dej\u00f3 una herencia 100 cl\u00ednicas y hospitales sin construir. Al mismo tiempo su familia construy\u00f3 el hospital privado Sedna, al sur de la Ciudad de M\u00e9xico, cuyo propietario original es Hugo Ruiz Ortiz. Y tuvo un valor de mil 200 millones de pesos.<\/p>\n\n\n\n<p>Y del lado de Gabino Cu\u00e9, quien se neg\u00f3 a investigar las denuncias de desv\u00edos en el gobierno de Ruiz Ortiz, su secretario de los servicios de salud, Germ\u00e1n Tenorio, fue detenido en 2017 en Guadalajara, por el desfalco a la instituci\u00f3n que administr\u00f3. Al procesado se le atribuye la compra un avi\u00f3n con valor de 3 millones y medio de pesos para vuelos privados.<\/p>\n\n\n\n<p>Antes, el viernes por la noche, el gobernador Alejandro Murat inform\u00f3 que hab\u00eda sostenido una reuni\u00f3n con representantes de la secci\u00f3n 35 del Sindicato Nacional de Trabajadores de la Secretar\u00eda de Salud. Tuvimos un di\u00e1logo franco, directo y abierto para construir juntos soluciones a la problem\u00e1tica que hoy enfrenta este importante sector, escribi\u00f3.<\/p>\n\n\n\n<p>(Informaci\u00f3n de \u201cLa Jornada\u201d)<\/p>\n","protected":false},"excerpt":{"rendered":"<p>Redacci\u00f3n\/Zona Roja. Ciudad de M\u00e9xico, 20 de septiembre de 2021.- El presidente Andr\u00e9s Manuel L\u00f3pez&hellip;<\/p>\n","protected":false},"author":2,"featured_media":29763,"comment_status":"closed","ping_status":"open","sticky":false,"template":"","format":"standard","meta":{"_lmt_disableupdate":"","_lmt_disable":"","_jetpack_memberships_contains_paid_content":false,"footnotes":""},"categories":[109,47],"tags":[1005],"class_list":["post-32250","post","type-post","status-publish","format-standard","has-post-thumbnail","hentry","category-minuto-a-minuto","category-zona-gris","tag-servicios-de-salud-de-oaxaca-sso"],"jetpack_featured_media_url":"https:\/\/zonaroja.com.mx\/wp-content\/uploads\/2021\/07\/Servicios-de-Salud-Oaxaca.jpg","jetpack_sharing_enabled":true,"_links":{"self":[{"href":"https:\/\/zonaroja.com.mx\/index.php?rest_route=\/wp\/v2\/posts\/32250","targetHints":{"allow":["GET"]}}],"collection":[{"href":"https:\/\/zonaroja.com.mx\/index.php?rest_route=\/wp\/v2\/posts"}],"about":[{"href":"https:\/\/zonaroja.com.mx\/index.php?rest_route=\/wp\/v2\/types\/post"}],"author":[{"embeddable":true,"href":"https:\/\/zonaroja.com.mx\/index.php?rest_route=\/wp\/v2\/users\/2"}],"replies":[{"embeddable":true,"href":"https:\/\/zonaroja.com.mx\/index.php?rest_route=%2Fwp%2Fv2%2Fcomments&post=32250"}],"version-history":[{"count":1,"href":"https:\/\/zonaroja.com.mx\/index.php?rest_route=\/wp\/v2\/posts\/32250\/revisions"}],"predecessor-version":[{"id":32251,"href":"https:\/\/zonaroja.com.mx\/index.php?rest_route=\/wp\/v2\/posts\/32250\/revisions\/32251"}],"wp:featuredmedia":[{"embeddable":true,"href":"https:\/\/zonaroja.com.mx\/index.php?rest_route=\/wp\/v2\/media\/29763"}],"wp:attachment":[{"href":"https:\/\/zonaroja.com.mx\/index.php?rest_route=%2Fwp%2Fv2%2Fmedia&parent=32250"}],"wp:term":[{"taxonomy":"category","embeddable":true,"href":"https:\/\/zonaroja.com.mx\/index.php?rest_route=%2Fwp%2Fv2%2Fcategories&post=32250"},{"taxonomy":"post_tag","embeddable":true,"href":"https:\/\/zonaroja.com.mx\/index.php?rest_route=%2Fwp%2Fv2%2Ftags&post=32250"}],"curies":[{"name":"wp","href":"https:\/\/api.w.org\/{rel}","templated":true}]}}