{"id":32252,"date":"2021-09-20T20:05:48","date_gmt":"2021-09-21T01:05:48","guid":{"rendered":"http:\/\/www.zonaroja.com.mx\/?p=32252"},"modified":"2021-09-20T20:05:51","modified_gmt":"2021-09-21T01:05:51","slug":"confirma-amlo-mesa-de-dialogo-imss-bienestar-gobernador-por-tema-salud","status":"publish","type":"post","link":"https:\/\/zonaroja.com.mx\/?p=32252","title":{"rendered":"Confirma AMLO mesa de di\u00e1logo IMSS-Bienestar-gobernador, por tema salud"},"content":{"rendered":"\n<p>Redacci\u00f3n\/Estado 20.<\/p>\n\n\n\n<p>Oaxaca de Ju\u00e1rez, Oax., 20 de septiembre de 2021.- El Presidente Andr\u00e9s Manuel L\u00f3pez Obrador anunci\u00f3 hoy que instalar\u00e1 una mesa de trabajo en Oaxaca para revisar la situaci\u00f3n del personal de salud despedido, y adem\u00e1s prometi\u00f3 regularizar las plazas de los trabajadores para que se respeten sus derechos laborales.<\/p>\n\n\n\n<p>Luego de la gira de trabajo ayer por la regi\u00f3n del Istmo con el gobernador Alejandro Murat, hoy L\u00f3pez Obrador realiz\u00f3 su conferencia ma\u00f1anera en la zona militar de Oaxaca, ubicada en Santa Mar\u00eda Ixcotel, en el municipio de Santa Luc\u00eda del Camino.<\/p>\n\n\n\n<p>Adem\u00e1s de dar informaci\u00f3n de los avances de las obras de la refiner\u00eda de Dos Bocas, el Tren Interurbano, habl\u00f3 tambi\u00e9n de la carta que envi\u00f3 a su hom\u00f3logo de Estados Unidos, Joe Biden, para trabajar de manera conjunta en la frontera Sur con programas de desarrollo y trabajo que apoyen a disminuir el flujo migratorio.<\/p>\n\n\n\n<p>En materia de salud, Andr\u00e9s Manuel, resalt\u00f3 que resolver\u00e1 a la brevedad la problem\u00e1tica que atraviesan los trabajadores del sector Salud.<\/p>\n\n\n\n<p>El Presidente precis\u00f3 que en esta mesa de trabajo que se realizar\u00e1 en Oaxaca, estar\u00e1 el director del Instituto de Salud para el Bienestar (Insabi), Juan Ferrer; el director del IMSS, Zoe Robledo y el gobernador de Oaxaca.<\/p>\n\n\n\n<p>\u201cVa a coordinar una reuni\u00f3n para revisar todo lo que tiene que ver con los trabajadores de la salud, es algo que heredamos no solo en Oaxaca, sino a nivel nacional\u201d, expuso el mandatario durante su conferencia matutina celebrada hoy en la entidad.<\/p>\n\n\n\n<p>Con respecto a esta problem\u00e1tica de salud, L\u00f3pez Obrador expuso que cuando lleg\u00f3, hab\u00eda 86 mil trabajadores del sector contratado en forma eventual \u201cahora son m\u00e1s\u201d, ya que durante la pandemia hubo que contratarse a m\u00e1s.<\/p>\n\n\n\n<p>Con respecto a los medicamentos para ni\u00f1os y ni\u00f1as con c\u00e1ncer, tambi\u00e9n, se comprometi\u00f3 a regularizar la distribuci\u00f3n las cuales se entregar\u00e1n gratuitamente. Este desabasto, justific\u00f3, fue consecuencia del robo de dinero que hac\u00edan los neoliberales con empresas monop\u00f3licas y sobre todo porque adulteraban los medicamentos, con el silencio c\u00f3mplice de los medios de comunicaci\u00f3n, expuso el Presidente de M\u00e9xico.<\/p>\n\n\n\n<figure class=\"wp-block-embed-twitter wp-block-embed is-type-rich is-provider-twitter\"><div class=\"wp-block-embed__wrapper\">\n<div class=\"twitter-tweet\"><blockquote class=\"twitter-tweet\" data-lang=\"es\"><p lang=\"es\" dir=\"ltr\">2. Por su parte, como lo adelant\u00f3 <a href=\"https:\/\/twitter.com\/Zona_Roja_Oax?ref_src=twsrc%5Etfw\">@Zona_Roja_Oax<\/a>, el Presidente <a href=\"https:\/\/twitter.com\/lopezobrador_?ref_src=twsrc%5Etfw\">@lopezobrador_<\/a> anunci\u00f3 oficialmente que junto con el gobernador <a href=\"https:\/\/twitter.com\/alejandromurat?ref_src=twsrc%5Etfw\">@alejandromurat<\/a>, titulares del <a href=\"https:\/\/twitter.com\/Tu_IMSS?ref_src=twsrc%5Etfw\">@Tu_IMSS<\/a> y del <a href=\"https:\/\/twitter.com\/INSABI_mx?ref_src=twsrc%5Etfw\">@INSABI_mx<\/a> iniciar\u00e1n la revisi\u00f3n de la problem\u00e1tica en el sector salud. <a href=\"https:\/\/t.co\/j3JlrxS17R\">pic.twitter.com\/j3JlrxS17R<\/a><\/p>&mdash; Zona Roja Oaxaca (@Zona_Roja_Oax) <a href=\"https:\/\/twitter.com\/Zona_Roja_Oax\/status\/1440014616323633154?ref_src=twsrc%5Etfw\">20 de septiembre de 2021<\/a><\/blockquote><\/div>\n<\/div><\/figure>\n\n\n\n<p>\u201cEran 10 empresas monop\u00f3licas las cuales les vend\u00edan al gobierno 100 mil millones de pesos al a\u00f1o con distribuci\u00f3n de medicamentos\u201d, dichas empresas, dijo, las enfrentaron durante su gobierno.<\/p>\n\n\n\n<p>HAY RESULTADOS<\/p>\n\n\n\n<p>Por su parte el gobernador Alejandro Murat, dio la bienvenida al Presidente de M\u00e9xico en su visita n\u00famero 25 a Oaxaca y destac\u00f3 el trabajo con la Federaci\u00f3n y a las Fuerzas Armadas el trabajo en materia de atenci\u00f3n a la pandemia, en el estado donde se aplicaron dijo, 2.7 millones de vacunas contra la Covid-19 en un mes.<\/p>\n\n\n\n<p>\u201cEsto es gracias a un esfuerzo de las Fuerzas Armadas y se ha reflejado en el n\u00famero de contagios e \u00edndice de letalidad, pues gracias a esa vacunaci\u00f3n vamos por la ruta correcta\u201d , dijo.<\/p>\n\n\n\n<p>\u201cQuiero primero reconocer esa instrucci\u00f3n que usted dio y por supuesto al se\u00f1or secretario y al almirante secretario porque en tema de salud, al d\u00eda de hoy se han aplicado 2.7 millones de vacunas en el estado de Oaxaca en menos de un mes\u201d, dijo Murat Hinojosa<\/p>\n\n\n\n<p>\u201cTambi\u00e9n hay resultados importantes en crecimiento, gracias a los esfuerzos que hay en inversi\u00f3n en infraestructura que de aqu\u00ed al \u00faltimo d\u00eda de mi gobierno, proyectamos m\u00e1s de casi 20 mil millones de pesos entre el Gobierno Federal y el Gobierno del Estado, hoy Oaxaca de acuerdo al Inegi es el estado con mayor crecimiento del pa\u00eds, 4.5%, Oaxaca nunca hab\u00eda superado el lugar n\u00famero 30 se\u00f1or presidente, expuso durante la conferencia matutina el gobernador de Oaxaca.<\/p>\n\n\n\n<p>Y abund\u00f3 que estos resultados tambi\u00e9n se ha reflejado en los \u00edndices de pobreza gracias a los programas de asistencia social, Oaxaca hoy de acuerdo con datos de Inegi y el Coneval, es el estado que m\u00e1s creci\u00f3 en ingreso en los hogares 7.8% y en reducci\u00f3n de la pobreza 2% y en pobreza extrema 1%.<\/p>\n\n\n\n<p>\u201cPor \u00faltimo queremos tambi\u00e9n se\u00f1alar que en el tema de seguridad, de acuerdo a los estados m\u00e1s seguros somos el estado nueve y en delitos de alto impacto somos el estado n\u00famero ocho en seguridad a nivel nacional y lo m\u00e1s importante, gracias a esta coordinaci\u00f3n se\u00f1or presidente, hay gobernabilidad en el estado; hemos podido atender de 80 conflictos agrarios m\u00e1s de 46, el \u00faltimo el de Tamazulapam del Esp\u00edritu Santo y San Pedro y San Pablo Ayutla, agradezco a mis paisanas y paisanos, vamos por la ruta correcta coordinados con el Gobierno Federal\u201d.<\/p>\n","protected":false},"excerpt":{"rendered":"<p>Redacci\u00f3n\/Estado 20. Oaxaca de Ju\u00e1rez, Oax., 20 de septiembre de 2021.- El Presidente Andr\u00e9s Manuel&hellip;<\/p>\n","protected":false},"author":2,"featured_media":32253,"comment_status":"closed","ping_status":"open","sticky":false,"template":"","format":"standard","meta":{"_lmt_disableupdate":"","_lmt_disable":"","_jetpack_memberships_contains_paid_content":false,"footnotes":""},"categories":[109,46],"tags":[1536],"class_list":["post-32252","post","type-post","status-publish","format-standard","has-post-thumbnail","hentry","category-minuto-a-minuto","category-zona-blanca","tag-visita-andres-manuel-lopez-obrador-a-oaxaca"],"jetpack_featured_media_url":"https:\/\/zonaroja.com.mx\/wp-content\/uploads\/2021\/09\/Lopez-Obrador-mananera-Oaxaca.jpg","jetpack_sharing_enabled":true,"_links":{"self":[{"href":"https:\/\/zonaroja.com.mx\/index.php?rest_route=\/wp\/v2\/posts\/32252","targetHints":{"allow":["GET"]}}],"collection":[{"href":"https:\/\/zonaroja.com.mx\/index.php?rest_route=\/wp\/v2\/posts"}],"about":[{"href":"https:\/\/zonaroja.com.mx\/index.php?rest_route=\/wp\/v2\/types\/post"}],"author":[{"embeddable":true,"href":"https:\/\/zonaroja.com.mx\/index.php?rest_route=\/wp\/v2\/users\/2"}],"replies":[{"embeddable":true,"href":"https:\/\/zonaroja.com.mx\/index.php?rest_route=%2Fwp%2Fv2%2Fcomments&post=32252"}],"version-history":[{"count":1,"href":"https:\/\/zonaroja.com.mx\/index.php?rest_route=\/wp\/v2\/posts\/32252\/revisions"}],"predecessor-version":[{"id":32254,"href":"https:\/\/zonaroja.com.mx\/index.php?rest_route=\/wp\/v2\/posts\/32252\/revisions\/32254"}],"wp:featuredmedia":[{"embeddable":true,"href":"https:\/\/zonaroja.com.mx\/index.php?rest_route=\/wp\/v2\/media\/32253"}],"wp:attachment":[{"href":"https:\/\/zonaroja.com.mx\/index.php?rest_route=%2Fwp%2Fv2%2Fmedia&parent=32252"}],"wp:term":[{"taxonomy":"category","embeddable":true,"href":"https:\/\/zonaroja.com.mx\/index.php?rest_route=%2Fwp%2Fv2%2Fcategories&post=32252"},{"taxonomy":"post_tag","embeddable":true,"href":"https:\/\/zonaroja.com.mx\/index.php?rest_route=%2Fwp%2Fv2%2Ftags&post=32252"}],"curies":[{"name":"wp","href":"https:\/\/api.w.org\/{rel}","templated":true}]}}